{"id":92,"date":"2012-09-15T00:00:39","date_gmt":"2012-09-15T03:00:39","guid":{"rendered":"http:\/\/reges.com.br\/realeza\/?p=92"},"modified":"2012-10-05T17:49:56","modified_gmt":"2012-10-05T20:49:56","slug":"cesreal-celebra-com-o-seminario","status":"publish","type":"post","link":"http:\/\/reges.com.br\/realeza\/cesreal-celebra-com-o-seminario\/","title":{"rendered":"CESREAL celebra com o Semin\u00e1rio"},"content":{"rendered":"<p style=\"text-align: center;\" align=\"center\"><strong>CESREAL celebra com o Semin\u00e1rio<\/strong><\/p>\n<p style=\"text-align: right;\" align=\"left\">Denis de Oliveira J\u00fanior\u00b9<\/p>\n<p style=\"text-align: right;\" align=\"left\">L\u00e1zaro Rodrigues da Rosa\u00b2<\/p>\n<p style=\"text-align: justify;\">\u00a0 \u00a0 \u00a0 \u00a0 \u00a0 Assim como o Semin\u00e1rio Nossa Senhora Aparecida e a Congrega\u00e7\u00e3o das Escolas de Caridade (Irm\u00e3os Cavanis) t\u00eam a educa\u00e7\u00e3o como sua prioridade, o Centro de Ensino Superior de Realeza (CESREAL) e a Faculdade de Realeza tamb\u00e9m acreditam que s\u00f3 a educa\u00e7\u00e3o \u00e9 capaz de oferecer um verdadeiro crescimento pessoal.<\/p>\n<p style=\"text-align: justify;\">\u00a0 \u00a0 \u00a0 \u00a0 \u00a0O Semin\u00e1rio j\u00e1 estava consolidado no munic\u00edpio de Realeza quando, em 1999, durante a gest\u00e3o do ent\u00e3o Prefeito Municipal Sr. Francisco Dors, foram intensificados os trabalhos para a implanta\u00e7\u00e3o de uma Institui\u00e7\u00e3o de Ensino Superior que pudesse atender a toda regi\u00e3o de Realeza.<\/p>\n<p style=\"text-align: justify;\">\u00a0 \u00a0 \u00a0 \u00a0 \u00a0Muitos foram os esfor\u00e7os da comunidade, especialmente do Prof. Jos\u00e9 Gonzaga da Silva Neto, presidente do CESREAL e da Rede Gonzaga de Ensino Superior (REGES), para que todos os tr\u00e2mites burocr\u00e1ticos fossem superados e, finalmente no dia 02\/09\/2001, j\u00e1 na administra\u00e7\u00e3o do Prefeito Sr. Neivo Tomazini, a Faculdade de Realeza foi credenciada.<\/p>\n<p style=\"text-align: justify;\">\u00a0 \u00a0 \u00a0 \u00a0 \u00a0A Faculdade de Realeza ministra atualmente os cursos de Administra\u00e7\u00e3o e Ci\u00eancias Cont\u00e1beis, possibilitando, aos empres\u00e1rios e estudantes, a condi\u00e7\u00e3o de estarem atualizados e sintonizados naquela que \u00e9, talvez, a \u00e1rea profissional que tem a maior abrang\u00eancia no campo de trabalho nos dias de hoje, ou seja, a \u00e1rea de Neg\u00f3cios.<\/p>\n<p style=\"text-align: justify;\">\u00a0 \u00a0 \u00a0 \u00a0 \u00a0Uma das pioneiras na regi\u00e3o sudoeste do Paran\u00e1, com a oferta do curso de Administra\u00e7\u00e3o e atendendo a uma regi\u00e3o, at\u00e9 ent\u00e3o, carente de ensino superior, o CESREAL vem cumprindo com seu papel de integrar a comunidade realezense \u00e0 comunidade regional, fazendo com que as pessoas tenham acesso \u00e0 Faculdade de maneira mais r\u00e1pida, eficiente e com menor custo.<\/p>\n<p style=\"text-align: justify;\">\u00a0 \u00a0 \u00a0 \u00a0 \u00a0\u00a0O funcionamento do curso de Administra\u00e7\u00e3o, com suas antigas habilita\u00e7\u00f5es, foi autorizado pela Portaria MEC n\u00ba 1718, de 01 de agosto de 2001, juntamente com o credenciamento da Institui\u00e7\u00e3o.<\/p>\n<p style=\"text-align: justify;\">\u00a0 \u00a0 \u00a0 \u00a0 \u00a0O primeiro concurso vestibular para o curso de Administra\u00e7\u00e3o com habilita\u00e7\u00e3o em Administra\u00e7\u00e3o Geral e Administra\u00e7\u00e3o com habilita\u00e7\u00e3o em Gest\u00e3o de Sistemas de Informa\u00e7\u00e3o foi realizado em 02 de setembro de 2001, contando com 1001 inscritos para 200 vagas dispon\u00edveis, ou seja, 05 candidatos por vaga. Para o curso de Administra\u00e7\u00e3o Geral, houve 603 inscritos, enquanto para o curso de Administra\u00e7\u00e3o em Gest\u00e3o de Sistemas de Informa\u00e7\u00e3o, 398 candidatos.<\/p>\n<p style=\"text-align: justify;\">\u00a0 \u00a0 \u00a0 \u00a0 \u00a0Em 2005, foram autorizadas mais 120 vagas para a Faculdade de Realeza, desta vez para a implanta\u00e7\u00e3o do curso de Ci\u00eancias Cont\u00e1beis pela Portaria MEC n\u00ba 4.177, de 02 de dezembro de 2005, igualmente pioneiro na regi\u00e3o. Ainda em 2005, ocorreu o reconhecimento do curso de Administra\u00e7\u00e3o por meio da publica\u00e7\u00e3o do ato da Portaria MEC n\u00ba 4.447, de 22 de dezembro de 2005.<\/p>\n<p style=\"text-align: justify;\">\u00a0 \u00a0 \u00a0 \u00a0 \u00a0Com a divulga\u00e7\u00e3o dos resultados do ENADE (Exame Nacional de Desempenho de Estudantes) realizado em 2009, o CESREAL e a Faculdade de Realeza puderam comemorar com toda sua comunidade acad\u00eamica os expressivos resultados alcan\u00e7ados tanto pelos alunos do curso de Administra\u00e7\u00e3o, quanto do curso de Ci\u00eancias Cont\u00e1beis, que obtiveram os conceitos 3 no ENADE e 5 no IDD, em ambos os cursos.<\/p>\n<p style=\"text-align: justify;\">\u00a0 \u00a0 \u00a0 \u00a0 \u00a0No ano de 2011, atrav\u00e9s da Portaria SESu\/MEC n\u00ba 660, de 21 de mar\u00e7o de 2011, ocorreu o reconhecimento do curso de Ci\u00eancias Cont\u00e1beis da Faculdade de Realeza.<\/p>\n<p style=\"text-align: justify;\">\u00a0 \u00a0 \u00a0 \u00a0 \u00a0Enfim, o ano de 2012 reservou a maior conquista desses 11 anos de hist\u00f3ria da Institui\u00e7\u00e3o que foi a publica\u00e7\u00e3o da Portaria Ministerial n\u00ba 341, de 05 de abril de 2012, \u00e0 qual o Ministro da Educa\u00e7\u00e3o Sr. Alo\u00edzio Mercadante recredenciou a Faculdade de Realeza pelo prazo de cinco anos.<\/p>\n<div style=\"text-align: justify;\">\n<p>\u00a0 \u00a0 \u00a0 \u00a0 \u00a0O CESREAL externa os seus cumprimentos \u00e0 toda comunidade realezense de ter o privil\u00e9gio de possuir a educa\u00e7\u00e3o marcada em sua hist\u00f3ria, primeiramente com o Semin\u00e1rio Nossa Senhora Aparecida, que comemorou os seus 34 anos de funcionamento, depois com a Faculdade de Realeza e mais recentemente, com a instala\u00e7\u00e3o da Universidade Federal da Fronteira Sul.<\/p>\n<div class=\"divider\"><div class=\"scroll-top\">^<\/div><\/div>\n<\/div>\n<p style=\"text-align: justify;\"><strong>Denis de Oliveira J\u00fanior<\/strong> \u00e9 Diretor Acad\u00eamico da Faculdade de Realeza e Pesquisador Institucional da Rede Gonzaga de Ensino Superior (REGES).<br \/>\n<strong>L\u00e1zaro Rodrigues da Rosa<\/strong> \u00e9 Ouvidor, Assessor de Comunica\u00e7\u00e3o e Professor de Marketing da Faculdade de Realeza e Comunicador da R\u00e1dio Clube de Realeza.<\/p>\n","protected":false},"excerpt":{"rendered":"<p>CESREAL celebra com o Semin\u00e1rio Denis de Oliveira J\u00fanior\u00b9 L\u00e1zaro Rodrigues da Rosa\u00b2 \u00a0 \u00a0 \u00a0 \u00a0 \u00a0 Assim como o Semin\u00e1rio Nossa Senhora Aparecida e a Congrega\u00e7\u00e3o das Escolas de Caridade (Irm\u00e3os Cavanis) t\u00eam a educa\u00e7\u00e3o como sua prioridade, o Centro de Ensino Superior de Realeza (CESREAL) e a Faculdade de Realeza tamb\u00e9m acreditam que s\u00f3 a educa\u00e7\u00e3o \u00e9 capaz de oferecer um verdadeiro crescimento pessoal. \u00a0 \u00a0 \u00a0 \u00a0 \u00a0O Semin\u00e1rio j\u00e1 estava consolidado no munic\u00edpio de Realeza quando, em 1999, durante a gest\u00e3o do ent\u00e3o Prefeito Municipal Sr. Francisco Dors, foram intensificados os trabalhos para a implanta\u00e7\u00e3o de uma Institui\u00e7\u00e3o de Ensino Superior que pudesse atender a toda regi\u00e3o de Realeza. \u00a0 \u00a0 \u00a0 \u00a0 \u00a0Muitos foram os esfor\u00e7os da comunidade, especialmente do Prof. Jos\u00e9 Gonzaga da Silva Neto, presidente do CESREAL e da Rede Gonzaga de Ensino Superior (REGES), para que todos os tr\u00e2mites burocr\u00e1ticos fossem superados e, finalmente no dia 02\/09\/2001, j\u00e1 na administra\u00e7\u00e3o do Prefeito Sr. Neivo Tomazini, a Faculdade de Realeza foi credenciada. \u00a0 \u00a0 \u00a0 \u00a0 \u00a0A Faculdade de Realeza ministra atualmente os cursos de Administra\u00e7\u00e3o e Ci\u00eancias Cont\u00e1beis, possibilitando, aos empres\u00e1rios e estudantes, a condi\u00e7\u00e3o de estarem atualizados e sintonizados naquela que \u00e9, talvez, a \u00e1rea profissional que tem a maior abrang\u00eancia no campo de trabalho nos dias de hoje, ou seja, a \u00e1rea de Neg\u00f3cios. \u00a0 \u00a0 \u00a0 \u00a0 \u00a0Uma das pioneiras na regi\u00e3o sudoeste do Paran\u00e1, com a oferta do curso de Administra\u00e7\u00e3o e atendendo a uma regi\u00e3o, at\u00e9 ent\u00e3o, carente de ensino superior, o CESREAL vem cumprindo com seu papel de integrar a comunidade realezense \u00e0 comunidade regional, fazendo com que as pessoas tenham acesso \u00e0 Faculdade de maneira mais r\u00e1pida, eficiente e com menor custo. \u00a0 \u00a0 \u00a0 \u00a0 \u00a0\u00a0O funcionamento do curso de Administra\u00e7\u00e3o, com suas antigas habilita\u00e7\u00f5es, foi autorizado pela Portaria MEC n\u00ba 1718, de 01 de agosto de 2001, juntamente com o credenciamento da Institui\u00e7\u00e3o. \u00a0 \u00a0 \u00a0 \u00a0 \u00a0O primeiro concurso vestibular para o curso de Administra\u00e7\u00e3o com habilita\u00e7\u00e3o em Administra\u00e7\u00e3o Geral e Administra\u00e7\u00e3o com habilita\u00e7\u00e3o em Gest\u00e3o de Sistemas de Informa\u00e7\u00e3o foi realizado em 02 de setembro de 2001, contando com 1001 inscritos para 200 vagas dispon\u00edveis, ou seja, 05 candidatos por vaga. Para o curso de Administra\u00e7\u00e3o Geral, houve 603 inscritos, enquanto para o curso de Administra\u00e7\u00e3o em Gest\u00e3o de Sistemas de Informa\u00e7\u00e3o, 398 candidatos. \u00a0 \u00a0 \u00a0 \u00a0 \u00a0Em 2005, foram autorizadas mais 120 vagas para a Faculdade de Realeza, desta vez para a implanta\u00e7\u00e3o do curso de Ci\u00eancias Cont\u00e1beis pela Portaria MEC n\u00ba 4.177, de 02 de dezembro de 2005, igualmente pioneiro na regi\u00e3o. Ainda em 2005, ocorreu o reconhecimento do curso de Administra\u00e7\u00e3o por meio da publica\u00e7\u00e3o do ato da Portaria MEC n\u00ba 4.447, de 22 de dezembro de 2005. \u00a0 \u00a0 \u00a0 \u00a0 \u00a0Com a divulga\u00e7\u00e3o dos resultados do ENADE (Exame Nacional de Desempenho de Estudantes) realizado em 2009, o CESREAL e a Faculdade de Realeza puderam comemorar com toda sua comunidade acad\u00eamica os expressivos resultados alcan\u00e7ados tanto pelos alunos do curso de Administra\u00e7\u00e3o, quanto do curso de Ci\u00eancias Cont\u00e1beis, que obtiveram os conceitos 3 no ENADE e 5 no IDD, em ambos os cursos. \u00a0 \u00a0 \u00a0 \u00a0 \u00a0No ano de 2011, atrav\u00e9s da Portaria SESu\/MEC n\u00ba 660, de 21 de mar\u00e7o de 2011, ocorreu o reconhecimento do curso de Ci\u00eancias Cont\u00e1beis da Faculdade de Realeza. \u00a0 \u00a0 \u00a0 \u00a0 \u00a0Enfim, o ano de 2012 reservou a maior conquista desses 11 anos de hist\u00f3ria da Institui\u00e7\u00e3o que foi a publica\u00e7\u00e3o da Portaria Ministerial n\u00ba 341, de 05 de abril de 2012, \u00e0 qual o Ministro da Educa\u00e7\u00e3o Sr. Alo\u00edzio Mercadante recredenciou a Faculdade de Realeza pelo prazo de cinco anos. \u00a0 \u00a0 \u00a0 \u00a0 \u00a0O CESREAL externa os seus cumprimentos \u00e0 toda comunidade realezense de ter o privil\u00e9gio de possuir a educa\u00e7\u00e3o marcada em sua hist\u00f3ria, primeiramente com o Semin\u00e1rio Nossa Senhora Aparecida, que comemorou os seus 34 anos de funcionamento, depois com a Faculdade de Realeza e mais recentemente, com a instala\u00e7\u00e3o da Universidade Federal da Fronteira Sul. Denis de Oliveira J\u00fanior \u00e9 Diretor Acad\u00eamico da Faculdade de Realeza e Pesquisador Institucional da Rede Gonzaga de Ensino Superior (REGES). L\u00e1zaro Rodrigues da Rosa \u00e9 Ouvidor, Assessor de Comunica\u00e7\u00e3o e Professor de Marketing da Faculdade de Realeza e Comunicador da R\u00e1dio Clube de Realeza.<\/p>\n","protected":false},"author":1,"featured_media":0,"comment_status":"closed","ping_status":"closed","sticky":false,"template":"","format":"standard","meta":{"footnotes":""},"categories":[1],"tags":[],"class_list":["post-92","post","type-post","status-publish","format-standard","hentry","category-uncategorized"],"_links":{"self":[{"href":"http:\/\/reges.com.br\/realeza\/wp-json\/wp\/v2\/posts\/92","targetHints":{"allow":["GET"]}}],"collection":[{"href":"http:\/\/reges.com.br\/realeza\/wp-json\/wp\/v2\/posts"}],"about":[{"href":"http:\/\/reges.com.br\/realeza\/wp-json\/wp\/v2\/types\/post"}],"author":[{"embeddable":true,"href":"http:\/\/reges.com.br\/realeza\/wp-json\/wp\/v2\/users\/1"}],"replies":[{"embeddable":true,"href":"http:\/\/reges.com.br\/realeza\/wp-json\/wp\/v2\/comments?post=92"}],"version-history":[{"count":5,"href":"http:\/\/reges.com.br\/realeza\/wp-json\/wp\/v2\/posts\/92\/revisions"}],"predecessor-version":[{"id":99,"href":"http:\/\/reges.com.br\/realeza\/wp-json\/wp\/v2\/posts\/92\/revisions\/99"}],"wp:attachment":[{"href":"http:\/\/reges.com.br\/realeza\/wp-json\/wp\/v2\/media?parent=92"}],"wp:term":[{"taxonomy":"category","embeddable":true,"href":"http:\/\/reges.com.br\/realeza\/wp-json\/wp\/v2\/categories?post=92"},{"taxonomy":"post_tag","embeddable":true,"href":"http:\/\/reges.com.br\/realeza\/wp-json\/wp\/v2\/tags?post=92"}],"curies":[{"name":"wp","href":"https:\/\/api.w.org\/{rel}","templated":true}]}}