{"id":245,"date":"2008-01-15T00:00:04","date_gmt":"2008-01-15T03:00:04","guid":{"rendered":"http:\/\/reges.com.br\/realeza\/?p=245"},"modified":"2012-10-09T16:35:01","modified_gmt":"2012-10-09T19:35:01","slug":"faculdade-de-realeza-realizou-cerimonia-de-formatura","status":"publish","type":"post","link":"http:\/\/reges.com.br\/realeza\/faculdade-de-realeza-realizou-cerimonia-de-formatura\/","title":{"rendered":"Faculdade de Realeza realizou cerim\u00f4nia de formatura"},"content":{"rendered":"<p style=\"text-align: justify;\">O CESREAL \u2013 Centro de Ensino Superior de Realeza (Faculdade de Realeza) realizou no s\u00e1bado, 12, na Casa da Cultura professor Ant\u00f4nio Baccin, \u00e0s 19h, a solenidade de formatura dos cursos de Administra\u00e7\u00e3o com Habilita\u00e7\u00e3o em Administra\u00e7\u00e3o e em Gest\u00e3o de Sistemas de Informa\u00e7\u00e3o, turmas professor Daniel Baccin.Os professores patrono, Sidnei Chiapetti e paraninfo, Sandro Luiz Viapiana foram conduzidos ao recinto pela comiss\u00e3o de formandos: Vilmar e Francieli Scheer e Valmir e Verlaine Biasuz.<\/p>\n<p style=\"text-align: justify;\">O professor Maximino Dors, diretor da Faculdade de Realeza procedeu a abertura da solenidade, saudando o professor Jos\u00e9 Gonzaga da Silva Neto, presidente do CESREAL, o Dr. Heron de Souza Gonzaga, vice-presidente do CESREAL, o Dr. Wilson Euclides Gazzzi Massari, Promotor de Justi\u00e7a da Comarca de Realeza e demais autoridades que compunham a mesa de honra, bem como os professores e formandos da Faculdade, convidando a todos para cantarem o Hino Nacional.<\/p>\n<p style=\"text-align: justify;\">A formanda Verlaine Azambuja Biasuz, fez a leitura do juramento: \u201cPrometo dignificar minha profiss\u00e3o, consciente de minhas responsabilidades legais, observar o c\u00f3digo de \u00e9tica, objetivando o aperfei\u00e7oamento da ci\u00eancia da administra\u00e7\u00e3o, o desenvolvimento das institui\u00e7\u00f5es e a grandeza do homem e da p\u00e1tria\u201d. Assim prometo, sendo acompanhado por todos os concluintes dos cursos de Administra\u00e7\u00e3o.<\/p>\n<p style=\"text-align: justify;\">O diretor do CESREAL, professor Maximino Dors, procedeu a cola\u00e7\u00e3o de grau aos novos bachar\u00e9is que foram representados por Claudete Zanete (Administra\u00e7\u00e3o com Habilita\u00e7\u00e3o em Administra\u00e7\u00e3o Geral) e Alcione Ana Zaboti (Administra\u00e7\u00e3o com Habilita\u00e7\u00e3o em Gest\u00e3o de Sistemas de Informa\u00e7\u00e3o).<\/p>\n<p style=\"text-align: justify;\">A bacharel em Administra\u00e7\u00e3o com Habilita\u00e7\u00e3o em Administra\u00e7\u00e3o Geral, Suzana Zanon fez o discurso representando os formandos discorrendo sobre os v\u00e1rios momentos vividos na caminhada\u00a0 de forma\u00e7\u00e3o, destacando o apoio da fam\u00edlia, dos professores e da Faculdade, enfatizando que este \u00e9 apenas um passo no projeto de forma\u00e7\u00e3o e aperfei\u00e7oamento dos profissionais que est\u00e3o a partir daquele momento, preparados para ocupar o seu espa\u00e7o no mercado de trabalho e de transforma\u00e7\u00e3o.<\/p>\n<p style=\"text-align: justify;\">O paraninfo, professor Sandro Luiz Viapiana destacou a amizade que envolveu alunos e professores e ressaltou que a comunidade de Realeza e regi\u00e3o est\u00e3o recebendo um grupo de profissionais que buscou embasamento no estudo e que tem condi\u00e7\u00f5es desenvolver um bom trabalho em favor do desenvolvimento regional, pois est\u00e3o preparados e cientes de que precisam estar se aperfei\u00e7oando a todo instante, portanto, a formatura ora realizada, n\u00e3o \u00e9 o limite para se ter uma carreira de sucesso.<\/p>\n<p style=\"text-align: justify;\">O coordenador dos cursos de Administra\u00e7\u00e3o, professor Sandro Ricardo Busato fez a entrega da premia\u00e7\u00e3o aos formandos que durante o per\u00edodo de estudos mais se destacaram em suas turmas.<\/p>\n<p style=\"text-align: justify;\">A bacharel em Administra\u00e7\u00e3o com Habilita\u00e7\u00e3o em Administra\u00e7\u00e3o Geral, Veroni Kemper obteve o pr\u00eamio de melhor desempenho no curso e a bacharel em Administra\u00e7\u00e3o com Habilita\u00e7\u00e3o em Gest\u00e3o de Sistemas de Informa\u00e7\u00e3o, Dayane Andressa Loli foi a destaque do seu curso, enquanto que o bacharel Cristian Elvis Wendlond obteve a premia\u00e7\u00e3o por ser destaque entre os cursos de Administra\u00e7\u00e3o nas duas habilita\u00e7\u00f5es.<\/p>\n<p style=\"text-align: justify;\">O professor Jos\u00e9 Gonzaga da Silva Neto, presidente do CESREAL, em seu pronunciamento destacou a qualifica\u00e7\u00e3o dos bachar\u00e9is que a comunidade realezense e regional est\u00e1 recebendo, anunciou que a Faculdade ir\u00e1 abrir espa\u00e7os para novos acad\u00eamicos e para isso, est\u00e1 lan\u00e7ando uma campanha para a inclus\u00e3o no Ensino Superior com pre\u00e7os inferiores a concorr\u00eancia e que estar\u00e1 pessoalmente, visitando a regi\u00e3o buscando novos acad\u00eamicos.<\/p>\n<p style=\"text-align: justify;\"><strong>Bachar\u00e9is do curso de Administra\u00e7\u00e3o com Habilita\u00e7\u00e3o em Administra\u00e7\u00e3o Geral:<\/strong><\/p>\n<p style=\"text-align: justify;\">Claudete Zanetti,<br \/>\nClaudia Baldissera Lessa,<br \/>\nCristian Elvis Wendland,<br \/>\nCristiane Mazutti Piovesan,<br \/>\nEdson Pessoa Sezar,<br \/>\nFernanda Rampanelli,<br \/>\nFraciely Gasparin Scheer,<br \/>\nGustavo Cristiano Pereira,<br \/>\nJudite Vansetto,<br \/>\nLeda Orlandi Goulart,<br \/>\nLizabete Woyczik Karnikowski,<br \/>\nMayra Aparecida Tortelli,<br \/>\nSandra Francieli Jacobsen,<br \/>\nSusana Zanon,<br \/>\nValdair Rogerio Barth,<br \/>\nVeroni Kemper,<br \/>\nVilmar Scheer,<br \/>\nWensceslau Jelinek Neto.<\/p>\n<p style=\"text-align: justify;\"><strong>Bachar\u00e9is do curso de Administra\u00e7\u00e3o com Habilita\u00e7\u00e3o em Gest\u00e3o de Sistemas de Informa\u00e7\u00e3o:<\/strong><\/p>\n<p style=\"text-align: justify;\">Alcione Ana Zabot,<br \/>\nCassia Fernanda Foiatto,<br \/>\nDaniela Rogeri Baretta,<br \/>\nDayane Andressa Loli,<br \/>\nD\u00e9bora Luciana Cherubini,<br \/>\nFrancieli Tubiana,<br \/>\nJean Pierr Catto,<br \/>\nJiovani Hibner,<br \/>\nJoice Vigne Pedroso,<br \/>\nJuauri Bueno,<br \/>\nNeimar Odair Schuh,<br \/>\nValmir Biasuz,<br \/>\nVerlaine Azanbuja Biasuz.<\/p>\n<p style=\"text-align: justify;\">Al\u00e9m dos professores que compuseram a mesa de honra, as homenagens para os professores:<\/p>\n<p style=\"text-align: justify;\">Charles Michel Fedrizzi,<br \/>\nPaulo Lauerman,<br \/>\nSabino Oltramari,<br \/>\nSalete Bonetti,<br \/>\nMaros Glauco de Santana,<br \/>\nAndrieli de Br\u00e1,<br \/>\nPedro Garzon,<br \/>\nM\u00e1rcio Cavazini,<\/p>\n<p style=\"text-align: justify;\">que formaram o corpo docente dos formandos.<\/p>\n<p style=\"text-align: justify;\">Mesa de Honra:<\/p>\n<p style=\"text-align: justify;\">Presidente do Cesreal &#8211; Professor Jos\u00e9 Gonzaga da Silva Neto;<\/p>\n<p style=\"text-align: justify;\">Vice-presidente do Cesreal \u2013 Dr. Heron de Souza Gonzaga;<\/p>\n<p style=\"text-align: justify;\">Diretor da Faculdade &#8211; professor Maximino Jos\u00e9 Dors;<\/p>\n<p style=\"text-align: justify;\">Prefeito Eduardo Andr\u00e9 Gaievski;<\/p>\n<p style=\"text-align: justify;\">Promotor de Justi\u00e7a \u2013 Dr. Uilson Euclides Gazzi Massari;<\/p>\n<p style=\"text-align: justify;\">Coordenador do Curso \u2013 professor Sandro Busato;<\/p>\n<p style=\"text-align: justify;\">Patrono das Turmas \u2013 professor Sidnei Chiapeti;<\/p>\n<p style=\"text-align: justify;\">Paraninfo das Turmas \u2013 professor Sandro Viapiana;<\/p>\n<p style=\"text-align: justify;\">Secret\u00e1ria municipal de Educa\u00e7\u00e3o \u2013 T\u00e2nia Lotici Rodoy;<\/p>\n<p style=\"text-align: justify;\">Vice-presidente da C\u00e2mara Municipal \u2013 vereador N\u00fabio Vink;<\/p>\n<p style=\"text-align: justify;\">Vice-prefeita de Santa Izabel do Oeste, professora Soely Sponchiado.<\/p>\n<p style=\"text-align: justify;\">Ap\u00f3s a solenidade de cola\u00e7\u00e3o de grau, os bachar\u00e9is com seus familiares e convidados, juntamente com os convidados pelo CESREAL participaram do jantar e baile de Formatura realizado no Realeza Country Club<\/p>\n","protected":false},"excerpt":{"rendered":"<p>O CESREAL \u2013 Centro de Ensino Superior de Realeza (Faculdade de Realeza) realizou no s\u00e1bado, 12, na Casa da Cultura professor Ant\u00f4nio Baccin, \u00e0s 19h, a solenidade de formatura dos cursos de Administra\u00e7\u00e3o com Habilita\u00e7\u00e3o em Administra\u00e7\u00e3o e em Gest\u00e3o de Sistemas de Informa\u00e7\u00e3o, turmas professor Daniel Baccin.Os professores patrono, Sidnei Chiapetti e paraninfo, Sandro Luiz Viapiana foram conduzidos ao recinto pela comiss\u00e3o de formandos: Vilmar e Francieli Scheer e Valmir e Verlaine Biasuz. O professor Maximino Dors, diretor da Faculdade de Realeza procedeu a abertura da solenidade, saudando o professor Jos\u00e9 Gonzaga da Silva Neto, presidente do CESREAL, o Dr. Heron de Souza Gonzaga, vice-presidente do CESREAL, o Dr. Wilson Euclides Gazzzi Massari, Promotor de Justi\u00e7a da Comarca de Realeza e demais autoridades que compunham a mesa de honra, bem como os professores e formandos da Faculdade, convidando a todos para cantarem o Hino Nacional. A formanda Verlaine Azambuja Biasuz, fez a leitura do juramento: \u201cPrometo dignificar minha profiss\u00e3o, consciente de minhas responsabilidades legais, observar o c\u00f3digo de \u00e9tica, objetivando o aperfei\u00e7oamento da ci\u00eancia da administra\u00e7\u00e3o, o desenvolvimento das institui\u00e7\u00f5es e a grandeza do homem e da p\u00e1tria\u201d. Assim prometo, sendo acompanhado por todos os concluintes dos cursos de Administra\u00e7\u00e3o. O diretor do CESREAL, professor Maximino Dors, procedeu a cola\u00e7\u00e3o de grau aos novos bachar\u00e9is que foram representados por Claudete Zanete (Administra\u00e7\u00e3o com Habilita\u00e7\u00e3o em Administra\u00e7\u00e3o Geral) e Alcione Ana Zaboti (Administra\u00e7\u00e3o com Habilita\u00e7\u00e3o em Gest\u00e3o de Sistemas de Informa\u00e7\u00e3o). A bacharel em Administra\u00e7\u00e3o com Habilita\u00e7\u00e3o em Administra\u00e7\u00e3o Geral, Suzana Zanon fez o discurso representando os formandos discorrendo sobre os v\u00e1rios momentos vividos na caminhada\u00a0 de forma\u00e7\u00e3o, destacando o apoio da fam\u00edlia, dos professores e da Faculdade, enfatizando que este \u00e9 apenas um passo no projeto de forma\u00e7\u00e3o e aperfei\u00e7oamento dos profissionais que est\u00e3o a partir daquele momento, preparados para ocupar o seu espa\u00e7o no mercado de trabalho e de transforma\u00e7\u00e3o. O paraninfo, professor Sandro Luiz Viapiana destacou a amizade que envolveu alunos e professores e ressaltou que a comunidade de Realeza e regi\u00e3o est\u00e3o recebendo um grupo de profissionais que buscou embasamento no estudo e que tem condi\u00e7\u00f5es desenvolver um bom trabalho em favor do desenvolvimento regional, pois est\u00e3o preparados e cientes de que precisam estar se aperfei\u00e7oando a todo instante, portanto, a formatura ora realizada, n\u00e3o \u00e9 o limite para se ter uma carreira de sucesso. O coordenador dos cursos de Administra\u00e7\u00e3o, professor Sandro Ricardo Busato fez a entrega da premia\u00e7\u00e3o aos formandos que durante o per\u00edodo de estudos mais se destacaram em suas turmas. A bacharel em Administra\u00e7\u00e3o com Habilita\u00e7\u00e3o em Administra\u00e7\u00e3o Geral, Veroni Kemper obteve o pr\u00eamio de melhor desempenho no curso e a bacharel em Administra\u00e7\u00e3o com Habilita\u00e7\u00e3o em Gest\u00e3o de Sistemas de Informa\u00e7\u00e3o, Dayane Andressa Loli foi a destaque do seu curso, enquanto que o bacharel Cristian Elvis Wendlond obteve a premia\u00e7\u00e3o por ser destaque entre os cursos de Administra\u00e7\u00e3o nas duas habilita\u00e7\u00f5es. O professor Jos\u00e9 Gonzaga da Silva Neto, presidente do CESREAL, em seu pronunciamento destacou a qualifica\u00e7\u00e3o dos bachar\u00e9is que a comunidade realezense e regional est\u00e1 recebendo, anunciou que a Faculdade ir\u00e1 abrir espa\u00e7os para novos acad\u00eamicos e para isso, est\u00e1 lan\u00e7ando uma campanha para a inclus\u00e3o no Ensino Superior com pre\u00e7os inferiores a concorr\u00eancia e que estar\u00e1 pessoalmente, visitando a regi\u00e3o buscando novos acad\u00eamicos. Bachar\u00e9is do curso de Administra\u00e7\u00e3o com Habilita\u00e7\u00e3o em Administra\u00e7\u00e3o Geral: Claudete Zanetti, Claudia Baldissera Lessa, Cristian Elvis Wendland, Cristiane Mazutti Piovesan, Edson Pessoa Sezar, Fernanda Rampanelli, Fraciely Gasparin Scheer, Gustavo Cristiano Pereira, Judite Vansetto, Leda Orlandi Goulart, Lizabete Woyczik Karnikowski, Mayra Aparecida Tortelli, Sandra Francieli Jacobsen, Susana Zanon, Valdair Rogerio Barth, Veroni Kemper, Vilmar Scheer, Wensceslau Jelinek Neto. Bachar\u00e9is do curso de Administra\u00e7\u00e3o com Habilita\u00e7\u00e3o em Gest\u00e3o de Sistemas de Informa\u00e7\u00e3o: Alcione Ana Zabot, Cassia Fernanda Foiatto, Daniela Rogeri Baretta, Dayane Andressa Loli, D\u00e9bora Luciana Cherubini, Francieli Tubiana, Jean Pierr Catto, Jiovani Hibner, Joice Vigne Pedroso, Juauri Bueno, Neimar Odair Schuh, Valmir Biasuz, Verlaine Azanbuja Biasuz. Al\u00e9m dos professores que compuseram a mesa de honra, as homenagens para os professores: Charles Michel Fedrizzi, Paulo Lauerman, Sabino Oltramari, Salete Bonetti, Maros Glauco de Santana, Andrieli de Br\u00e1, Pedro Garzon, M\u00e1rcio Cavazini, que formaram o corpo docente dos formandos. Mesa de Honra: Presidente do Cesreal &#8211; Professor Jos\u00e9 Gonzaga da Silva Neto; Vice-presidente do Cesreal \u2013 Dr. Heron de Souza Gonzaga; Diretor da Faculdade &#8211; professor Maximino Jos\u00e9 Dors; Prefeito Eduardo Andr\u00e9 Gaievski; Promotor de Justi\u00e7a \u2013 Dr. Uilson Euclides Gazzi Massari; Coordenador do Curso \u2013 professor Sandro Busato; Patrono das Turmas \u2013 professor Sidnei Chiapeti; Paraninfo das Turmas \u2013 professor Sandro Viapiana; Secret\u00e1ria municipal de Educa\u00e7\u00e3o \u2013 T\u00e2nia Lotici Rodoy; Vice-presidente da C\u00e2mara Municipal \u2013 vereador N\u00fabio Vink; Vice-prefeita de Santa Izabel do Oeste, professora Soely Sponchiado. Ap\u00f3s a solenidade de cola\u00e7\u00e3o de grau, os bachar\u00e9is com seus familiares e convidados, juntamente com os convidados pelo CESREAL participaram do jantar e baile de Formatura realizado no Realeza Country Club<\/p>\n","protected":false},"author":1,"featured_media":0,"comment_status":"closed","ping_status":"closed","sticky":false,"template":"","format":"standard","meta":{"footnotes":""},"categories":[1],"tags":[],"class_list":["post-245","post","type-post","status-publish","format-standard","hentry","category-uncategorized"],"_links":{"self":[{"href":"http:\/\/reges.com.br\/realeza\/wp-json\/wp\/v2\/posts\/245","targetHints":{"allow":["GET"]}}],"collection":[{"href":"http:\/\/reges.com.br\/realeza\/wp-json\/wp\/v2\/posts"}],"about":[{"href":"http:\/\/reges.com.br\/realeza\/wp-json\/wp\/v2\/types\/post"}],"author":[{"embeddable":true,"href":"http:\/\/reges.com.br\/realeza\/wp-json\/wp\/v2\/users\/1"}],"replies":[{"embeddable":true,"href":"http:\/\/reges.com.br\/realeza\/wp-json\/wp\/v2\/comments?post=245"}],"version-history":[{"count":1,"href":"http:\/\/reges.com.br\/realeza\/wp-json\/wp\/v2\/posts\/245\/revisions"}],"predecessor-version":[{"id":247,"href":"http:\/\/reges.com.br\/realeza\/wp-json\/wp\/v2\/posts\/245\/revisions\/247"}],"wp:attachment":[{"href":"http:\/\/reges.com.br\/realeza\/wp-json\/wp\/v2\/media?parent=245"}],"wp:term":[{"taxonomy":"category","embeddable":true,"href":"http:\/\/reges.com.br\/realeza\/wp-json\/wp\/v2\/categories?post=245"},{"taxonomy":"post_tag","embeddable":true,"href":"http:\/\/reges.com.br\/realeza\/wp-json\/wp\/v2\/tags?post=245"}],"curies":[{"name":"wp","href":"https:\/\/api.w.org\/{rel}","templated":true}]}}