{"id":223,"date":"2011-11-30T00:00:19","date_gmt":"2011-11-30T03:00:19","guid":{"rendered":"http:\/\/reges.com.br\/realeza\/?p=223"},"modified":"2012-10-09T16:17:10","modified_gmt":"2012-10-09T19:17:10","slug":"cesreal-tera-formatura-em-dezembro","status":"publish","type":"post","link":"http:\/\/reges.com.br\/realeza\/cesreal-tera-formatura-em-dezembro\/","title":{"rendered":"CESREAL ter\u00e1 formatura em dezembro"},"content":{"rendered":"<p>Est\u00e1 marcada para o dia 15 de dezembro, mais uma formatura dos cursos de ADMINSITRA\u00c7\u00c3O E CI\u00caNCIAS CONT\u00c1BEIS, do CESREAL \u2013 Centro de Ensino Superior de Realeza.<\/p>\n<p>No total ser\u00e3o mais 70 alunos que estar\u00e3o colando grau em cerim\u00f4nia e ser realizada na Casa Cultura Professor Antonio Baccin de Realeza.<\/p>\n<p>No dia 14, ser\u00e1 celebrada uma missa de a\u00e7\u00e3o de gra\u00e7as na igreja Matriz de Realeza, com a participa\u00e7\u00e3o de formandos e toda a comunidade acad\u00eamica.<\/p>\n<p>No dia 15, dia da cola\u00e7\u00e3o, a cerim\u00f4nia esta marcada para as 19hs30min, com a presen\u00e7a do diretor presidente do CESREAL, Prof. Jos\u00e9 Gonzaga da Silva Neto e demais autoridades convidas para o evento.<\/p>\n<p>Os formandos de Administra\u00e7\u00e3o marcaram o jantar e baile de formatura para o s\u00e1bado seguinte, ou seja, 17 de dezembro, j\u00e1 os formandos de Ci\u00eancias Cont\u00e1beis, marcaram estes acontecimentos para o m\u00eas de janeiro de 2012.<\/p>\n","protected":false},"excerpt":{"rendered":"<p>Est\u00e1 marcada para o dia 15 de dezembro, mais uma formatura dos cursos de ADMINSITRA\u00c7\u00c3O E CI\u00caNCIAS CONT\u00c1BEIS, do CESREAL \u2013 Centro de Ensino Superior de Realeza. No total ser\u00e3o mais 70 alunos que estar\u00e3o colando grau em cerim\u00f4nia e ser realizada na Casa Cultura Professor Antonio Baccin de Realeza. No dia 14, ser\u00e1 celebrada uma missa de a\u00e7\u00e3o de gra\u00e7as na igreja Matriz de Realeza, com a participa\u00e7\u00e3o de formandos e toda a comunidade acad\u00eamica. No dia 15, dia da cola\u00e7\u00e3o, a cerim\u00f4nia esta marcada para as 19hs30min, com a presen\u00e7a do diretor presidente do CESREAL, Prof. Jos\u00e9 Gonzaga da Silva Neto e demais autoridades convidas para o evento. Os formandos de Administra\u00e7\u00e3o marcaram o jantar e baile de formatura para o s\u00e1bado seguinte, ou seja, 17 de dezembro, j\u00e1 os formandos de Ci\u00eancias Cont\u00e1beis, marcaram estes acontecimentos para o m\u00eas de janeiro de 2012.<\/p>\n","protected":false},"author":1,"featured_media":0,"comment_status":"closed","ping_status":"closed","sticky":false,"template":"","format":"standard","meta":{"footnotes":""},"categories":[1],"tags":[],"class_list":["post-223","post","type-post","status-publish","format-standard","hentry","category-uncategorized"],"_links":{"self":[{"href":"http:\/\/reges.com.br\/realeza\/wp-json\/wp\/v2\/posts\/223","targetHints":{"allow":["GET"]}}],"collection":[{"href":"http:\/\/reges.com.br\/realeza\/wp-json\/wp\/v2\/posts"}],"about":[{"href":"http:\/\/reges.com.br\/realeza\/wp-json\/wp\/v2\/types\/post"}],"author":[{"embeddable":true,"href":"http:\/\/reges.com.br\/realeza\/wp-json\/wp\/v2\/users\/1"}],"replies":[{"embeddable":true,"href":"http:\/\/reges.com.br\/realeza\/wp-json\/wp\/v2\/comments?post=223"}],"version-history":[{"count":1,"href":"http:\/\/reges.com.br\/realeza\/wp-json\/wp\/v2\/posts\/223\/revisions"}],"predecessor-version":[{"id":225,"href":"http:\/\/reges.com.br\/realeza\/wp-json\/wp\/v2\/posts\/223\/revisions\/225"}],"wp:attachment":[{"href":"http:\/\/reges.com.br\/realeza\/wp-json\/wp\/v2\/media?parent=223"}],"wp:term":[{"taxonomy":"category","embeddable":true,"href":"http:\/\/reges.com.br\/realeza\/wp-json\/wp\/v2\/categories?post=223"},{"taxonomy":"post_tag","embeddable":true,"href":"http:\/\/reges.com.br\/realeza\/wp-json\/wp\/v2\/tags?post=223"}],"curies":[{"name":"wp","href":"https:\/\/api.w.org\/{rel}","templated":true}]}}