{"id":211,"date":"2012-04-10T00:00:57","date_gmt":"2012-04-10T03:00:57","guid":{"rendered":"http:\/\/reges.com.br\/realeza\/?p=211"},"modified":"2012-10-09T16:11:26","modified_gmt":"2012-10-09T19:11:26","slug":"ministerio-da-educacao-recredencial-o-cesreal","status":"publish","type":"post","link":"http:\/\/reges.com.br\/realeza\/ministerio-da-educacao-recredencial-o-cesreal\/","title":{"rendered":"Minist\u00e9rio da Educa\u00e7\u00e3o recredencial o CESREAL"},"content":{"rendered":"<p><img loading=\"lazy\" decoding=\"async\" class=\"alignleft size-full wp-image-214\" title=\"cesreal-peq\" src=\"http:\/\/reges.com.br\/realeza\/wp-content\/uploads\/2012\/10\/cesreal-peq.jpg\" alt=\"\" width=\"200\" height=\"200\" srcset=\"http:\/\/reges.com.br\/realeza\/wp-content\/uploads\/2012\/10\/cesreal-peq.jpg 200w, http:\/\/reges.com.br\/realeza\/wp-content\/uploads\/2012\/10\/cesreal-peq-150x150.jpg 150w\" sizes=\"auto, (max-width: 200px) 100vw, 200px\" \/>\u00a0 \u00a0 \u00a0 \u00a0 \u00a0 Foi publicada no Di\u00e1rio Oficial da Uni\u00e3o do ultimo dia 10\/04, a Portaria Ministerial n\u00b0 341, de 05\/04\/2012, que recredencia a Faculdade de Realeza &#8211; CESREAL pelo prazo de cinco anos.<\/p>\n<p>O recredenciamento \u00e9 um ato pela qual todas as faculdades e universidades do pais s\u00e3o obrigadas a se submeter junto ao Minist\u00e9rio da Educa\u00e7\u00e3o, para que possam comprovar se mant\u00e9m as condi\u00e7\u00f5es necess\u00e1rias de funcionamento desde a \u00e9poca de sua cria\u00e7\u00e3o.<\/p>\n<p>O\u00a0CESREAL esta em pleno funcionamento desde 2001, quando foi autorizado 0 seu in\u00edcio de funcionamento, com a oferta do curso de Administra\u00e7\u00e3o. No ano de 2005, foi autorizado o curso de Ci\u00eancias Cont\u00e1beis.<\/p>\n<p>Desde ent\u00e3o o CESREAL vem alcan\u00e7ando vit\u00f3rias importantes no cen\u00e1rio educacional do sudoeste, entre elas relacionamos:<\/p>\n<p><em>\u00a0 \u00a0 \u00a0 \u00a0 \u00a0&#8211; notas 4 (cuja escala vai de 1 a 5) nos reconhecimentos de Administra\u00e7\u00e3o e Ci\u00eancias Cont\u00e1beis;<\/em><br \/>\n<em>\u00a0 \u00a0 \u00a0 \u00a0 \u00a0&#8211; notas 3 e 5 no ENADE 2009, em ambos os cursos;<\/em><br \/>\n<em>\u00a0 \u00a0 \u00a0 \u00a0 \u00a0&#8211; IGC (ranking do MEC) igual a 3 nos anos de 2009 e 2010, com 0 total de 241 pontos, que \u00e9 o maior do sudoeste (o IGC de 2011 deve ser publicado no m\u00eas de novembro).<\/em><\/p>\n<p>Atualmente o CESREAL possui aproximadamente 400 alunos matriculado em seus cursos de gradua\u00e7\u00e3o e esta instalado em \u00e1rea privilegiada na PR 281, km 2, sa\u00edda para Santa Izabel do Oeste.<\/p>\n<p>A Faculdade de Realeza &#8211; CESREAL e urna institui\u00e7\u00e3o de ensino superior que integra a REGES &#8211; Rede Gonzaga de Ensino Superior, presente nos Estados do Acre, Rond\u00f4nia, Sao Paulo e Paran\u00e1.<\/p>\n<p>Maiores informa\u00e7\u00e3o pelo (46) 3543-4444 ou www.cesreal.br<\/p>\n","protected":false},"excerpt":{"rendered":"<p>\u00a0 \u00a0 \u00a0 \u00a0 \u00a0 Foi publicada no Di\u00e1rio Oficial da Uni\u00e3o do ultimo dia 10\/04, a Portaria Ministerial n\u00b0 341, de 05\/04\/2012, que recredencia a Faculdade de Realeza &#8211; CESREAL pelo prazo de cinco anos. O recredenciamento \u00e9 um ato pela qual todas as faculdades e universidades do pais s\u00e3o obrigadas a se submeter junto ao Minist\u00e9rio da Educa\u00e7\u00e3o, para que possam comprovar se mant\u00e9m as condi\u00e7\u00f5es necess\u00e1rias de funcionamento desde a \u00e9poca de sua cria\u00e7\u00e3o. O\u00a0CESREAL esta em pleno funcionamento desde 2001, quando foi autorizado 0 seu in\u00edcio de funcionamento, com a oferta do curso de Administra\u00e7\u00e3o. No ano de 2005, foi autorizado o curso de Ci\u00eancias Cont\u00e1beis. Desde ent\u00e3o o CESREAL vem alcan\u00e7ando vit\u00f3rias importantes no cen\u00e1rio educacional do sudoeste, entre elas relacionamos: \u00a0 \u00a0 \u00a0 \u00a0 \u00a0&#8211; notas 4 (cuja escala vai de 1 a 5) nos reconhecimentos de Administra\u00e7\u00e3o e Ci\u00eancias Cont\u00e1beis; \u00a0 \u00a0 \u00a0 \u00a0 \u00a0&#8211; notas 3 e 5 no ENADE 2009, em ambos os cursos; \u00a0 \u00a0 \u00a0 \u00a0 \u00a0&#8211; IGC (ranking do MEC) igual a 3 nos anos de 2009 e 2010, com 0 total de 241 pontos, que \u00e9 o maior do sudoeste (o IGC de 2011 deve ser publicado no m\u00eas de novembro). Atualmente o CESREAL possui aproximadamente 400 alunos matriculado em seus cursos de gradua\u00e7\u00e3o e esta instalado em \u00e1rea privilegiada na PR 281, km 2, sa\u00edda para Santa Izabel do Oeste. A Faculdade de Realeza &#8211; CESREAL e urna institui\u00e7\u00e3o de ensino superior que integra a REGES &#8211; Rede Gonzaga de Ensino Superior, presente nos Estados do Acre, Rond\u00f4nia, Sao Paulo e Paran\u00e1. Maiores informa\u00e7\u00e3o pelo (46) 3543-4444 ou www.cesreal.br<\/p>\n","protected":false},"author":1,"featured_media":0,"comment_status":"closed","ping_status":"closed","sticky":false,"template":"","format":"standard","meta":{"footnotes":""},"categories":[1],"tags":[],"class_list":["post-211","post","type-post","status-publish","format-standard","hentry","category-uncategorized"],"_links":{"self":[{"href":"http:\/\/reges.com.br\/realeza\/wp-json\/wp\/v2\/posts\/211","targetHints":{"allow":["GET"]}}],"collection":[{"href":"http:\/\/reges.com.br\/realeza\/wp-json\/wp\/v2\/posts"}],"about":[{"href":"http:\/\/reges.com.br\/realeza\/wp-json\/wp\/v2\/types\/post"}],"author":[{"embeddable":true,"href":"http:\/\/reges.com.br\/realeza\/wp-json\/wp\/v2\/users\/1"}],"replies":[{"embeddable":true,"href":"http:\/\/reges.com.br\/realeza\/wp-json\/wp\/v2\/comments?post=211"}],"version-history":[{"count":3,"href":"http:\/\/reges.com.br\/realeza\/wp-json\/wp\/v2\/posts\/211\/revisions"}],"predecessor-version":[{"id":216,"href":"http:\/\/reges.com.br\/realeza\/wp-json\/wp\/v2\/posts\/211\/revisions\/216"}],"wp:attachment":[{"href":"http:\/\/reges.com.br\/realeza\/wp-json\/wp\/v2\/media?parent=211"}],"wp:term":[{"taxonomy":"category","embeddable":true,"href":"http:\/\/reges.com.br\/realeza\/wp-json\/wp\/v2\/categories?post=211"},{"taxonomy":"post_tag","embeddable":true,"href":"http:\/\/reges.com.br\/realeza\/wp-json\/wp\/v2\/tags?post=211"}],"curies":[{"name":"wp","href":"https:\/\/api.w.org\/{rel}","templated":true}]}}