{"id":207,"date":"2012-04-13T00:00:16","date_gmt":"2012-04-13T03:00:16","guid":{"rendered":"http:\/\/reges.com.br\/realeza\/?p=207"},"modified":"2012-10-09T16:05:08","modified_gmt":"2012-10-09T19:05:08","slug":"noticia-do-recredenciamento-repercute-no-jornal-de-beltrao","status":"publish","type":"post","link":"http:\/\/reges.com.br\/realeza\/noticia-do-recredenciamento-repercute-no-jornal-de-beltrao\/","title":{"rendered":"Not\u00edcia do recredenciamento repercute no Jornal de Beltr\u00e3o"},"content":{"rendered":"<p><strong><img loading=\"lazy\" decoding=\"async\" class=\"alignleft size-full wp-image-209\" title=\"jornaldebeltraorecredencia\" src=\"http:\/\/reges.com.br\/realeza\/wp-content\/uploads\/2012\/10\/jornaldebeltraorecredencia.png\" alt=\"\" width=\"324\" height=\"273\" srcset=\"http:\/\/reges.com.br\/realeza\/wp-content\/uploads\/2012\/10\/jornaldebeltraorecredencia.png 324w, http:\/\/reges.com.br\/realeza\/wp-content\/uploads\/2012\/10\/jornaldebeltraorecredencia-300x252.png 300w\" sizes=\"auto, (max-width: 324px) 100vw, 324px\" \/>O Jornal de Beltr\u00e3o repercutiu, em sua edi\u00e7\u00e3o de 12\/04, a not\u00edcia do Recredenciamento da Faculdade de Realeza.<\/strong><\/p>\n<p>&nbsp;<\/p>\n<p><a href=\"http:\/\/www.jornaldebeltrao.com.br\/geral\/portaria-do-mec-recredencia-o-cesreal-73505\/\">http:\/\/www.jornaldebeltrao.com.br\/geral\/portaria-do-mec-recredencia-o-cesreal-73505\/<\/a><\/p>\n","protected":false},"excerpt":{"rendered":"<p>O Jornal de Beltr\u00e3o repercutiu, em sua edi\u00e7\u00e3o de 12\/04, a not\u00edcia do Recredenciamento da Faculdade de Realeza. &nbsp; http:\/\/www.jornaldebeltrao.com.br\/geral\/portaria-do-mec-recredencia-o-cesreal-73505\/<\/p>\n","protected":false},"author":1,"featured_media":0,"comment_status":"closed","ping_status":"closed","sticky":false,"template":"","format":"standard","meta":{"footnotes":""},"categories":[1],"tags":[],"class_list":["post-207","post","type-post","status-publish","format-standard","hentry","category-uncategorized"],"_links":{"self":[{"href":"http:\/\/reges.com.br\/realeza\/wp-json\/wp\/v2\/posts\/207","targetHints":{"allow":["GET"]}}],"collection":[{"href":"http:\/\/reges.com.br\/realeza\/wp-json\/wp\/v2\/posts"}],"about":[{"href":"http:\/\/reges.com.br\/realeza\/wp-json\/wp\/v2\/types\/post"}],"author":[{"embeddable":true,"href":"http:\/\/reges.com.br\/realeza\/wp-json\/wp\/v2\/users\/1"}],"replies":[{"embeddable":true,"href":"http:\/\/reges.com.br\/realeza\/wp-json\/wp\/v2\/comments?post=207"}],"version-history":[{"count":1,"href":"http:\/\/reges.com.br\/realeza\/wp-json\/wp\/v2\/posts\/207\/revisions"}],"predecessor-version":[{"id":210,"href":"http:\/\/reges.com.br\/realeza\/wp-json\/wp\/v2\/posts\/207\/revisions\/210"}],"wp:attachment":[{"href":"http:\/\/reges.com.br\/realeza\/wp-json\/wp\/v2\/media?parent=207"}],"wp:term":[{"taxonomy":"category","embeddable":true,"href":"http:\/\/reges.com.br\/realeza\/wp-json\/wp\/v2\/categories?post=207"},{"taxonomy":"post_tag","embeddable":true,"href":"http:\/\/reges.com.br\/realeza\/wp-json\/wp\/v2\/tags?post=207"}],"curies":[{"name":"wp","href":"https:\/\/api.w.org\/{rel}","templated":true}]}}