{"id":203,"date":"2012-04-13T00:00:39","date_gmt":"2012-04-13T03:00:39","guid":{"rendered":"http:\/\/reges.com.br\/realeza\/?p=203"},"modified":"2012-10-09T15:57:28","modified_gmt":"2012-10-09T18:57:28","slug":"noticias-do-recredenciamento-repercute-no-jornal-novo-tempo","status":"publish","type":"post","link":"http:\/\/reges.com.br\/realeza\/noticias-do-recredenciamento-repercute-no-jornal-novo-tempo\/","title":{"rendered":"Not\u00edcias do recredenciamento repercute no Jornal Novo Tempo"},"content":{"rendered":"<p><img loading=\"lazy\" decoding=\"async\" class=\"alignleft size-full wp-image-205\" title=\"jornalnovotemporecredencia\" src=\"http:\/\/reges.com.br\/realeza\/wp-content\/uploads\/2012\/10\/jornalnovotemporecredencia.png\" alt=\"\" width=\"338\" height=\"598\" srcset=\"http:\/\/reges.com.br\/realeza\/wp-content\/uploads\/2012\/10\/jornalnovotemporecredencia.png 338w, http:\/\/reges.com.br\/realeza\/wp-content\/uploads\/2012\/10\/jornalnovotemporecredencia-169x300.png 169w\" sizes=\"auto, (max-width: 338px) 100vw, 338px\" \/><strong>Continua repercutindo na regi\u00e3o a not\u00edcia do Recredenciamento do CESREAL. Desta vez, foi o Jornal Novo Tempo de Santa Izabel do Oeste, em sua edi\u00e7\u00e3o de 13\/04, que divulgou a not\u00edcia.<\/strong><\/p>\n<p>&nbsp;<\/p>\n<p><a href=\"http:\/\/www.jornalnovotempo.com.br\/noticias\/regional\/item\/11237-ministerio-da-educacao-recredencia-o-cesreal\">http:\/\/www.jornalnovotempo.com.br\/noticias\/regional\/item\/11237-ministerio-da-educacao-recredencia-o-cesreal<\/a><\/p>\n","protected":false},"excerpt":{"rendered":"<p>Continua repercutindo na regi\u00e3o a not\u00edcia do Recredenciamento do CESREAL. Desta vez, foi o Jornal Novo Tempo de Santa Izabel do Oeste, em sua edi\u00e7\u00e3o de 13\/04, que divulgou a not\u00edcia. &nbsp; http:\/\/www.jornalnovotempo.com.br\/noticias\/regional\/item\/11237-ministerio-da-educacao-recredencia-o-cesreal<\/p>\n","protected":false},"author":1,"featured_media":0,"comment_status":"closed","ping_status":"closed","sticky":false,"template":"","format":"standard","meta":{"footnotes":""},"categories":[1],"tags":[],"class_list":["post-203","post","type-post","status-publish","format-standard","hentry","category-uncategorized"],"_links":{"self":[{"href":"http:\/\/reges.com.br\/realeza\/wp-json\/wp\/v2\/posts\/203","targetHints":{"allow":["GET"]}}],"collection":[{"href":"http:\/\/reges.com.br\/realeza\/wp-json\/wp\/v2\/posts"}],"about":[{"href":"http:\/\/reges.com.br\/realeza\/wp-json\/wp\/v2\/types\/post"}],"author":[{"embeddable":true,"href":"http:\/\/reges.com.br\/realeza\/wp-json\/wp\/v2\/users\/1"}],"replies":[{"embeddable":true,"href":"http:\/\/reges.com.br\/realeza\/wp-json\/wp\/v2\/comments?post=203"}],"version-history":[{"count":1,"href":"http:\/\/reges.com.br\/realeza\/wp-json\/wp\/v2\/posts\/203\/revisions"}],"predecessor-version":[{"id":206,"href":"http:\/\/reges.com.br\/realeza\/wp-json\/wp\/v2\/posts\/203\/revisions\/206"}],"wp:attachment":[{"href":"http:\/\/reges.com.br\/realeza\/wp-json\/wp\/v2\/media?parent=203"}],"wp:term":[{"taxonomy":"category","embeddable":true,"href":"http:\/\/reges.com.br\/realeza\/wp-json\/wp\/v2\/categories?post=203"},{"taxonomy":"post_tag","embeddable":true,"href":"http:\/\/reges.com.br\/realeza\/wp-json\/wp\/v2\/tags?post=203"}],"curies":[{"name":"wp","href":"https:\/\/api.w.org\/{rel}","templated":true}]}}