{"id":198,"date":"2012-04-16T00:00:05","date_gmt":"2012-04-16T03:00:05","guid":{"rendered":"http:\/\/reges.com.br\/realeza\/?p=198"},"modified":"2012-10-09T15:53:05","modified_gmt":"2012-10-09T18:53:05","slug":"jornal-liberal-divulga-o-recredenciamento-do-cesreal","status":"publish","type":"post","link":"http:\/\/reges.com.br\/realeza\/jornal-liberal-divulga-o-recredenciamento-do-cesreal\/","title":{"rendered":"Jornal Liberal divulga o recredenciamento do CESREAL"},"content":{"rendered":"<p><img loading=\"lazy\" decoding=\"async\" class=\"alignleft size-full wp-image-200\" title=\"jornalliberalrecredencia\" src=\"http:\/\/reges.com.br\/realeza\/wp-content\/uploads\/2012\/10\/jornalliberalrecredencia.png\" alt=\"\" width=\"317\" height=\"573\" \/><strong>Na edi\u00e7\u00e3o do \u00faltimo dia 14\/04 o Jornal Liberal divulgou a\u00a0not\u00edcia\u00a0do Recredenciamento do CESREAL. O link da mat\u00e9ria segue abaixo.<\/strong><\/p>\n<p><a href=\"http:\/\/www.liberalonline.com.br\/index.php?option=com_content&amp;view=article&amp;id=1463:ministerio-da-educacao-recredencia-o-cesreal&amp;catid=42:realeza&amp;Itemid=61\">http:\/\/www.liberalonline.com.br\/index.php?option=com_content&amp;view=article&amp;id=1463:ministerio-da-educacao-recredencia-o-cesreal&amp;catid=42:realeza&amp;Itemid=61<\/a><\/p>\n","protected":false},"excerpt":{"rendered":"<p>Na edi\u00e7\u00e3o do \u00faltimo dia 14\/04 o Jornal Liberal divulgou a\u00a0not\u00edcia\u00a0do Recredenciamento do CESREAL. O link da mat\u00e9ria segue abaixo. http:\/\/www.liberalonline.com.br\/index.php?option=com_content&amp;view=article&amp;id=1463:ministerio-da-educacao-recredencia-o-cesreal&amp;catid=42:realeza&amp;Itemid=61<\/p>\n","protected":false},"author":1,"featured_media":0,"comment_status":"closed","ping_status":"closed","sticky":false,"template":"","format":"standard","meta":{"footnotes":""},"categories":[1],"tags":[],"class_list":["post-198","post","type-post","status-publish","format-standard","hentry","category-uncategorized"],"_links":{"self":[{"href":"http:\/\/reges.com.br\/realeza\/wp-json\/wp\/v2\/posts\/198","targetHints":{"allow":["GET"]}}],"collection":[{"href":"http:\/\/reges.com.br\/realeza\/wp-json\/wp\/v2\/posts"}],"about":[{"href":"http:\/\/reges.com.br\/realeza\/wp-json\/wp\/v2\/types\/post"}],"author":[{"embeddable":true,"href":"http:\/\/reges.com.br\/realeza\/wp-json\/wp\/v2\/users\/1"}],"replies":[{"embeddable":true,"href":"http:\/\/reges.com.br\/realeza\/wp-json\/wp\/v2\/comments?post=198"}],"version-history":[{"count":2,"href":"http:\/\/reges.com.br\/realeza\/wp-json\/wp\/v2\/posts\/198\/revisions"}],"predecessor-version":[{"id":202,"href":"http:\/\/reges.com.br\/realeza\/wp-json\/wp\/v2\/posts\/198\/revisions\/202"}],"wp:attachment":[{"href":"http:\/\/reges.com.br\/realeza\/wp-json\/wp\/v2\/media?parent=198"}],"wp:term":[{"taxonomy":"category","embeddable":true,"href":"http:\/\/reges.com.br\/realeza\/wp-json\/wp\/v2\/categories?post=198"},{"taxonomy":"post_tag","embeddable":true,"href":"http:\/\/reges.com.br\/realeza\/wp-json\/wp\/v2\/tags?post=198"}],"curies":[{"name":"wp","href":"https:\/\/api.w.org\/{rel}","templated":true}]}}