{"id":1836,"date":"2016-09-29T17:41:07","date_gmt":"2016-09-29T20:41:07","guid":{"rendered":"http:\/\/reges.com.br\/realeza\/?p=1836"},"modified":"2016-09-29T17:41:07","modified_gmt":"2016-09-29T20:41:07","slug":"michel-temer-em-vilhena-ha-8-anos-atual-presidente-recebia-titulo-professor-honoris-causa-da-faculdade-avec","status":"publish","type":"post","link":"http:\/\/reges.com.br\/realeza\/michel-temer-em-vilhena-ha-8-anos-atual-presidente-recebia-titulo-professor-honoris-causa-da-faculdade-avec\/","title":{"rendered":"MICHEL TEMER EM VILHENA: H\u00e1 8 anos atual presidente recebia t\u00edtulo \u201cProfessor Honoris Causa\u201d da Faculdade AVEC"},"content":{"rendered":"<p style=\"text-align: center;\"><strong>Temer disse que Vilhena apesar de ter menos de 100 mil habitantes respira ares de grande cidade, altiva e bonita.<\/strong><\/p>\n<p><strong><img loading=\"lazy\" decoding=\"async\" class=\"alignleft size-full wp-image-3485\" src=\"http:\/\/reges.com.br\/vilhena\/wp-content\/uploads\/2016\/09\/foto1.jpg\" alt=\"foto1\" width=\"420\" height=\"280\" \/>Por<\/strong><br \/>\n<strong>Kanitar Oberst<\/strong><\/p>\n<p style=\"text-align: justify;\">No m\u00eas de setembro de 2008, o ent\u00e3o deputado federal, Michel Temer (PMDB), esteve em Vilhena para compromissos pol\u00edticos e tamb\u00e9m para receber a comenda de \u201cProfessor Honoris Causa\u201d da Faculdade AVEC, pelos significantes servi\u00e7os prestados ao pa\u00eds.<\/p>\n<p style=\"text-align: justify;\">Michel Temer que \u00e9 o atual presidente da Rep\u00fablica Federativa do Brasil e tamb\u00e9m advogado subiu ao p\u00falpito da AVEC na noite de 17 de setembro, onde proferiu palestra sobre os 20 anos da Constitui\u00e7\u00e3o Federal. Temer foi um dos deputados constituintes de 1988, que compilaram a atual Constitui\u00e7\u00e3o do Brasil.<\/p>\n<p style=\"text-align: justify;\">Ap\u00f3s a palestra Michel Temer recebeu do presidente da REGES (Rede Gonzaga de Ensino Superior) o t\u00edtulo e disse estar muito contente com a homenagem da faculdade e que se sente agraciado por dividir conhecimentos com os futuros operadores do Direito e demais profissionais da regi\u00e3o.<\/p>\n<p style=\"text-align: justify;\">Participaram da palestra e homenagem a Temer todos os acad\u00eamicos e professores da Faculdade AVEC na \u00e9poca, v\u00e1rias de dezenas convidados e autoridades locais, perfazendo um total de 1.100 pessoas.<\/p>\n<p style=\"text-align: justify;\">No dia seguinte, o ent\u00e3o presidente nacional do PMDB, concedeu entrevista \u00e0 imprensa de Vilhena no Hotel Mirage e fez visitas em alguns locais de Vilhena e em cidades da regi\u00e3o, e retornou \u00e0 Bras\u00edlia ainda na tarde de 18 de setembro.<\/p>\n<p style=\"text-align: justify;\">\u201cTemer disse que Vilhena apesar de ter menos de 100 mil habitantes respira ares de grande cidade, altiva e bonita\u201d, afirmou Temer.<\/p>\n<p style=\"text-align: justify;\">O professor Jos\u00e9 Gonzaga da Silva Neto, declarou na oportunidade, que a Faculdade AVEC se sentia no dever de homenagear um dos deputados mais atuantes na confec\u00e7\u00e3o da carta magna nacional, \u201cEm visita \u00e0 Vilhena, n\u00e3o poder\u00edamos deixar passar a oportunidade de homenagear o jurisconsulto e deputado que tanto contribuiu para a ordem e o progresso de nossa na\u00e7\u00e3o\u201d, frisou Gonzaga.<\/p>\n<p><img loading=\"lazy\" decoding=\"async\" class=\"aligncenter size-full wp-image-3486\" src=\"http:\/\/reges.com.br\/vilhena\/wp-content\/uploads\/2016\/09\/foto2.jpg\" alt=\"foto2\" width=\"600\" height=\"433\" \/><\/p>\n<p style=\"text-align: center;\"><strong>Michel Temer recendo o t\u00edtulo de &#8216;Honoris Causa&#8217;.<\/strong><\/p>\n<p><img loading=\"lazy\" decoding=\"async\" class=\"aligncenter size-full wp-image-3487\" src=\"http:\/\/reges.com.br\/vilhena\/wp-content\/uploads\/2016\/09\/foto3.jpg\" alt=\"foto3\" width=\"600\" height=\"433\" \/><\/p>\n<p style=\"text-align: center;\"><strong>Atual presidente agradecendo o t\u00edtulo.<\/strong><\/p>\n<p style=\"text-align: center;\"><img loading=\"lazy\" decoding=\"async\" class=\"aligncenter size-full wp-image-3488\" src=\"http:\/\/reges.com.br\/vilhena\/wp-content\/uploads\/2016\/09\/foto4.jpg\" alt=\"foto4\" width=\"600\" height=\"433\" \/><\/p>\n<p style=\"text-align: center;\"><strong>Professora Maria Zenilda dando sequ\u00eancia a cerim\u00f4nia de homenagem.<\/strong><\/p>\n<p style=\"text-align: center;\"><img loading=\"lazy\" decoding=\"async\" class=\"aligncenter size-full wp-image-3489\" src=\"http:\/\/reges.com.br\/vilhena\/wp-content\/uploads\/2016\/09\/foto5.jpg\" alt=\"foto5\" width=\"600\" height=\"433\" \/><\/p>\n<p style=\"text-align: center;\"><strong>Temer e Gonzaga em 2008.<\/strong><\/p>\n<p style=\"text-align: center;\"><img loading=\"lazy\" decoding=\"async\" class=\"aligncenter size-full wp-image-3490\" src=\"http:\/\/reges.com.br\/vilhena\/wp-content\/uploads\/2016\/09\/foto6.jpg\" alt=\"foto6\" width=\"600\" height=\"433\" \/><\/p>\n<p style=\"text-align: center;\"><strong>P\u00fablico de mais de 1.100 pessoas no audit\u00f3rio principal da AVEC.<\/strong><\/p>\n<p style=\"text-align: center;\"><img loading=\"lazy\" decoding=\"async\" class=\"aligncenter size-full wp-image-3491\" src=\"http:\/\/reges.com.br\/vilhena\/wp-content\/uploads\/2016\/09\/foto7.jpg\" alt=\"foto7\" width=\"600\" height=\"433\" \/><\/p>\n<p style=\"text-align: center;\"><strong>Mesa de autoridades que presenciaram a palestra de Michel Temer em 2008.<\/strong><\/p>\n<p style=\"text-align: center;\"><img loading=\"lazy\" decoding=\"async\" class=\"aligncenter size-full wp-image-3492\" src=\"http:\/\/reges.com.br\/vilhena\/wp-content\/uploads\/2016\/09\/foto8.jpg\" alt=\"foto8\" width=\"600\" height=\"433\" \/><\/p>\n<p style=\"text-align: center;\"><strong>O atual presidente da rep\u00fablica proferindo palestra na Faculdade AVEC em 2008.<\/strong><\/p>\n","protected":false},"excerpt":{"rendered":"<p>Temer disse que Vilhena apesar de ter menos de 100 mil habitantes respira ares de grande cidade, altiva e bonita. Por Kanitar Oberst No m\u00eas de setembro de 2008, o ent\u00e3o deputado federal, Michel Temer (PMDB), esteve em Vilhena para compromissos pol\u00edticos e tamb\u00e9m para receber a comenda de \u201cProfessor Honoris Causa\u201d da Faculdade AVEC, pelos significantes servi\u00e7os prestados ao pa\u00eds. Michel Temer que \u00e9 o atual presidente da Rep\u00fablica Federativa do Brasil e tamb\u00e9m advogado subiu ao p\u00falpito da AVEC na noite de 17 de setembro, onde proferiu palestra sobre os 20 anos da Constitui\u00e7\u00e3o Federal. Temer foi um dos deputados constituintes de 1988, que compilaram a atual Constitui\u00e7\u00e3o do Brasil. Ap\u00f3s a palestra Michel Temer recebeu do presidente da REGES (Rede Gonzaga de Ensino Superior) o t\u00edtulo e disse estar muito contente com a homenagem da faculdade e que se sente agraciado por dividir conhecimentos com os futuros operadores do Direito e demais profissionais da regi\u00e3o. Participaram da palestra e homenagem a Temer todos os acad\u00eamicos e professores da Faculdade AVEC na \u00e9poca, v\u00e1rias de dezenas convidados e autoridades locais, perfazendo um total de 1.100 pessoas. No dia seguinte, o ent\u00e3o presidente nacional do PMDB, concedeu entrevista \u00e0 imprensa de Vilhena no Hotel Mirage e fez visitas em alguns locais de Vilhena e em cidades da regi\u00e3o, e retornou \u00e0 Bras\u00edlia ainda na tarde de 18 de setembro. \u201cTemer disse que Vilhena apesar de ter menos de 100 mil habitantes respira ares de grande cidade, altiva e bonita\u201d, afirmou Temer. O professor Jos\u00e9 Gonzaga da Silva Neto, declarou na oportunidade, que a Faculdade AVEC se sentia no dever de homenagear um dos deputados mais atuantes na confec\u00e7\u00e3o da carta magna nacional, \u201cEm visita \u00e0 Vilhena, n\u00e3o poder\u00edamos deixar passar a oportunidade de homenagear o jurisconsulto e deputado que tanto contribuiu para a ordem e o progresso de nossa na\u00e7\u00e3o\u201d, frisou Gonzaga. Michel Temer recendo o t\u00edtulo de &#8216;Honoris Causa&#8217;. Atual presidente agradecendo o t\u00edtulo. Professora Maria Zenilda dando sequ\u00eancia a cerim\u00f4nia de homenagem. Temer e Gonzaga em 2008. P\u00fablico de mais de 1.100 pessoas no audit\u00f3rio principal da AVEC. Mesa de autoridades que presenciaram a palestra de Michel Temer em 2008. O atual presidente da rep\u00fablica proferindo palestra na Faculdade AVEC em 2008.<\/p>\n","protected":false},"author":1,"featured_media":0,"comment_status":"closed","ping_status":"closed","sticky":false,"template":"","format":"standard","meta":{"footnotes":""},"categories":[1],"tags":[],"class_list":["post-1836","post","type-post","status-publish","format-standard","hentry","category-uncategorized"],"_links":{"self":[{"href":"http:\/\/reges.com.br\/realeza\/wp-json\/wp\/v2\/posts\/1836","targetHints":{"allow":["GET"]}}],"collection":[{"href":"http:\/\/reges.com.br\/realeza\/wp-json\/wp\/v2\/posts"}],"about":[{"href":"http:\/\/reges.com.br\/realeza\/wp-json\/wp\/v2\/types\/post"}],"author":[{"embeddable":true,"href":"http:\/\/reges.com.br\/realeza\/wp-json\/wp\/v2\/users\/1"}],"replies":[{"embeddable":true,"href":"http:\/\/reges.com.br\/realeza\/wp-json\/wp\/v2\/comments?post=1836"}],"version-history":[{"count":1,"href":"http:\/\/reges.com.br\/realeza\/wp-json\/wp\/v2\/posts\/1836\/revisions"}],"predecessor-version":[{"id":1838,"href":"http:\/\/reges.com.br\/realeza\/wp-json\/wp\/v2\/posts\/1836\/revisions\/1838"}],"wp:attachment":[{"href":"http:\/\/reges.com.br\/realeza\/wp-json\/wp\/v2\/media?parent=1836"}],"wp:term":[{"taxonomy":"category","embeddable":true,"href":"http:\/\/reges.com.br\/realeza\/wp-json\/wp\/v2\/categories?post=1836"},{"taxonomy":"post_tag","embeddable":true,"href":"http:\/\/reges.com.br\/realeza\/wp-json\/wp\/v2\/tags?post=1836"}],"curies":[{"name":"wp","href":"https:\/\/api.w.org\/{rel}","templated":true}]}}