{"id":1559,"date":"2015-09-25T11:39:05","date_gmt":"2015-09-25T14:39:05","guid":{"rendered":"http:\/\/reges.com.br\/realeza\/?p=1559"},"modified":"2015-09-25T11:40:46","modified_gmt":"2015-09-25T14:40:46","slug":"cesreal-realizou-a-semana-academica-2015","status":"publish","type":"post","link":"http:\/\/reges.com.br\/realeza\/cesreal-realizou-a-semana-academica-2015\/","title":{"rendered":"CESREAL realizou a Semana Acad\u00eamica 2015"},"content":{"rendered":"<p>O Centro de Ensino Superior de Realeza \u2013 Cesreal realizou na semana de 08 a 10 de setembro, a Semana Acad\u00eamica 2005, tendo como local o Realeza Country Clube e a sede da Institui\u00e7\u00e3o.<\/p>\n<p>&nbsp;<\/p>\n<p><strong>Dia 08<\/strong>, no Realeza Country Clube, aconteceu a Palestra\u00a0 \u201cGest\u00e3o do Agroneg\u00f3cio\u201d, proferida pelo palestrante Dalton Celeste Raz\u00eara &#8211; Consultor da FAEP.<\/p>\n<p>&nbsp;<\/p>\n<p><strong>Dia 09<\/strong>, tamb\u00e9m no Country, a Semana Acad\u00eamica recebeu ex-alunos do CESREAL, que falaram de Import\u00e2ncia do Curso de Gradua\u00e7\u00e3o em suas atividades profissionais. Estiveram presentes os seguintes Egressos:<\/p>\n<p>&nbsp;<\/p>\n<p><strong>Adriana Mess<\/strong>\u00a0\u00a0\u00a0\u00a0\u00a0\u00a0\u00a0\u00a0\u00a0 Aluna da Primeira Turma do Curso de Administra\u00e7\u00e3o;<\/p>\n<p>Diretora Executiva do Sicredi Fronteira.<\/p>\n<p><strong>Daniel Baccin\u00a0\u00a0\u00a0\u00a0\u00a0\u00a0\u00a0\u00a0\u00a0 <\/strong>Aluno da Segunda Turma do Curso Administra\u00e7\u00e3o;<\/p>\n<p>Diretor da Empresa Mach-d Ind\u00fastria de Maquinas, Moldes e Matrizes.<\/p>\n<p><strong>Modesto Golin<\/strong> \u00a0\u00a0\u00a0\u00a0\u00a0 Aluno da Primeira Turma de Ci\u00eancias Cont\u00e1beis;<\/p>\n<p>Contador, Ex-prefeito de Realeza.<\/p>\n<p><strong>Ricardo Costa\u00a0\u00a0\u00a0\u00a0\u00a0\u00a0\u00a0\u00a0\u00a0 <\/strong>Aluno da Segunda Turma de Administra\u00e7\u00e3o;<\/p>\n<p>Diretor da empresa StarWoman\u00a0 Loja e Industria.<\/p>\n<p><strong>Ronald Thiel\u00a0\u00a0\u00a0\u00a0\u00a0\u00a0\u00a0\u00a0\u00a0\u00a0\u00a0 <\/strong>Aluno da terceira turma de Administra\u00e7\u00e3o ;<\/p>\n<p>Diretor da Empresa Prime \u2013 Forma\u00e7\u00e3o de L\u00edderes.<\/p>\n<p>&nbsp;<\/p>\n<p><strong>Dia 10<\/strong>, nas salas do Cesreal, aconteceram os Minicursos com os professores da Institui\u00e7\u00e3o:<\/p>\n<p>Ms. Evandro De Nez \u00a0\u00a0\u00a0\u00a0\u00a0\u00a0\u00a0\u00a0 \u00a0\u00a0\u00a0\u00a0\u00a0\u00a0\u00a0\u00a0\u00a0\u00a0\u00a0 Tema: Holding Familiar<\/p>\n<p>Prof. Vin\u00edcius de Assis \u00a0\u00a0\u00a0\u00a0\u00a0 \u00a0\u00a0\u00a0\u00a0\u00a0\u00a0\u00a0\u00a0\u00a0\u00a0\u00a0 Tema: Estabelecimento Empresarial<\/p>\n<p>Profa. Pollyanna Gracy\u00a0\u00a0\u00a0\u00a0 \u00a0\u00a0\u00a0\u00a0\u00a0\u00a0\u00a0\u00a0\u00a0\u00a0\u00a0 Tema: M\u00e9todos de Custeio<\/p>\n<p>Prof. Lazaro da Rosa \u00a0\u00a0\u00a0\u00a0\u00a0\u00a0\u00a0 \u00a0\u00a0\u00a0\u00a0\u00a0\u00a0\u00a0\u00a0\u00a0\u00a0\u00a0 Tema: Marketing Pessoal<\/p>\n<p>Prof. Marcos Brito \u00a0\u00a0\u00a0\u00a0\u00a0\u00a0\u00a0\u00a0\u00a0\u00a0\u00a0 Tema: Comunica\u00e7\u00e3o<\/p>\n<p><strong>Dia 11<\/strong>, de volta ao Realeza Country Club, aconteceu a\u00a0\u00a0\u00a0\u00a0\u00a0 Palestra \u201cSistema Tribut\u00e1rio\u201d com Jo\u00e3o Gel\u00e1sio Weber \u2013 Vice-Presidente da C\u00e2mara de Fiscaliza\u00e7\u00e3o, \u00c9tica e Disciplina do CRC-PR.<\/p>\n<p>&nbsp;<\/p>\n<p>O encerramento da Semana Acad\u00eamica foi marcado por um coquetel servido a todos os presentes, com a apresenta\u00e7\u00e3o art\u00edstica da banda do 4\u00ba ano de Administra\u00e7\u00e3o.<\/p>\n<p><strong>\u00a0<\/strong><\/p>\n<p>Para o diretor do CESREAL, Professor Denis de Oliveira Junior, a Semana Acad\u00eamica deste ano, foi preparada com muito carinho pela dire\u00e7\u00e3o, coordena\u00e7\u00e3o e corpo docente da Institui\u00e7\u00e3o, buscando oferecer palestras e treinamentos focados nos conte\u00fados trabalhados, de modo enriquecer o conhecimento e a forma\u00e7\u00e3o de nossos acad\u00eamicos.<\/p>\n<p><img loading=\"lazy\" decoding=\"async\" class=\"aligncenter wp-image-1561\" src=\"http:\/\/reges.com.br\/realeza\/wp-content\/uploads\/2015\/09\/foto1.jpg\" alt=\"foto1\" width=\"954\" height=\"543\" srcset=\"http:\/\/reges.com.br\/realeza\/wp-content\/uploads\/2015\/09\/foto1.jpg 2048w, http:\/\/reges.com.br\/realeza\/wp-content\/uploads\/2015\/09\/foto1-300x171.jpg 300w, http:\/\/reges.com.br\/realeza\/wp-content\/uploads\/2015\/09\/foto1-1024x583.jpg 1024w\" sizes=\"auto, (max-width: 954px) 100vw, 954px\" \/><\/p>\n<p style=\"text-align: center;\">1\u00aa Palestra da Semana Acad\u00eamica com Dalton Celeste Raz\u00eara &#8211; Consultor da FAEP.<\/p>\n<p><img loading=\"lazy\" decoding=\"async\" class=\"aligncenter size-full wp-image-1562\" src=\"http:\/\/reges.com.br\/realeza\/wp-content\/uploads\/2015\/09\/foto2.jpg\" alt=\"foto2\" width=\"960\" height=\"847\" srcset=\"http:\/\/reges.com.br\/realeza\/wp-content\/uploads\/2015\/09\/foto2.jpg 960w, http:\/\/reges.com.br\/realeza\/wp-content\/uploads\/2015\/09\/foto2-300x265.jpg 300w\" sizes=\"auto, (max-width: 960px) 100vw, 960px\" \/><\/p>\n<p style=\"text-align: center;\">Sheila Baccin \u2013 Coordenadora do Curso de Administra\u00e7\u00e3o, Evandro de Nez &#8211; Coordenador do Curso de Ci\u00eancias Cont\u00e1beis,\u00a0 Jo\u00e3o Gel\u00e1sio Weber \u2013 Vice-Presidente da C\u00e2mara de Fiscaliza\u00e7\u00e3o, \u00c9tica e Disciplina do CRC-PR e Denis de Oliveira Jr. \u2013 Diretor do CESREAL<\/p>\n<p>&nbsp;<\/p>\n<p><img loading=\"lazy\" decoding=\"async\" class=\"aligncenter size-full wp-image-1563\" src=\"http:\/\/reges.com.br\/realeza\/wp-content\/uploads\/2015\/09\/foto3.jpg\" alt=\"foto3\" width=\"960\" height=\"613\" srcset=\"http:\/\/reges.com.br\/realeza\/wp-content\/uploads\/2015\/09\/foto3.jpg 960w, http:\/\/reges.com.br\/realeza\/wp-content\/uploads\/2015\/09\/foto3-300x192.jpg 300w\" sizes=\"auto, (max-width: 960px) 100vw, 960px\" \/><\/p>\n<p style=\"text-align: center;\">Coordenador do Curso de Ci\u00eancias Cont\u00e1beis Professor Evandro De Nez, Ex-alunos e o Diretor Denis de Oliveira Jr.<\/p>\n<p>&nbsp;<\/p>\n<p>&nbsp;<\/p>\n","protected":false},"excerpt":{"rendered":"<p>O Centro de Ensino Superior de Realeza \u2013 Cesreal realizou na semana de 08 a 10 de setembro, a Semana Acad\u00eamica 2005, tendo como local o Realeza Country Clube e a sede da Institui\u00e7\u00e3o. &nbsp; Dia 08, no Realeza Country Clube, aconteceu a Palestra\u00a0 \u201cGest\u00e3o do Agroneg\u00f3cio\u201d, proferida pelo palestrante Dalton Celeste Raz\u00eara &#8211; Consultor da FAEP. &nbsp; Dia 09, tamb\u00e9m no Country, a Semana Acad\u00eamica recebeu ex-alunos do CESREAL, que falaram de Import\u00e2ncia do Curso de Gradua\u00e7\u00e3o em suas atividades profissionais. Estiveram presentes os seguintes Egressos: &nbsp; Adriana Mess\u00a0\u00a0\u00a0\u00a0\u00a0\u00a0\u00a0\u00a0\u00a0 Aluna da Primeira Turma do Curso de Administra\u00e7\u00e3o; Diretora Executiva do Sicredi Fronteira. Daniel Baccin\u00a0\u00a0\u00a0\u00a0\u00a0\u00a0\u00a0\u00a0\u00a0 Aluno da Segunda Turma do Curso Administra\u00e7\u00e3o; Diretor da Empresa Mach-d Ind\u00fastria de Maquinas, Moldes e Matrizes. Modesto Golin \u00a0\u00a0\u00a0\u00a0\u00a0 Aluno da Primeira Turma de Ci\u00eancias Cont\u00e1beis; Contador, Ex-prefeito de Realeza. Ricardo Costa\u00a0\u00a0\u00a0\u00a0\u00a0\u00a0\u00a0\u00a0\u00a0 Aluno da Segunda Turma de Administra\u00e7\u00e3o; Diretor da empresa StarWoman\u00a0 Loja e Industria. Ronald Thiel\u00a0\u00a0\u00a0\u00a0\u00a0\u00a0\u00a0\u00a0\u00a0\u00a0\u00a0 Aluno da terceira turma de Administra\u00e7\u00e3o ; Diretor da Empresa Prime \u2013 Forma\u00e7\u00e3o de L\u00edderes. &nbsp; Dia 10, nas salas do Cesreal, aconteceram os Minicursos com os professores da Institui\u00e7\u00e3o: Ms. Evandro De Nez \u00a0\u00a0\u00a0\u00a0\u00a0\u00a0\u00a0\u00a0 \u00a0\u00a0\u00a0\u00a0\u00a0\u00a0\u00a0\u00a0\u00a0\u00a0\u00a0 Tema: Holding Familiar Prof. Vin\u00edcius de Assis \u00a0\u00a0\u00a0\u00a0\u00a0 \u00a0\u00a0\u00a0\u00a0\u00a0\u00a0\u00a0\u00a0\u00a0\u00a0\u00a0 Tema: Estabelecimento Empresarial Profa. Pollyanna Gracy\u00a0\u00a0\u00a0\u00a0 \u00a0\u00a0\u00a0\u00a0\u00a0\u00a0\u00a0\u00a0\u00a0\u00a0\u00a0 Tema: M\u00e9todos de Custeio Prof. Lazaro da Rosa \u00a0\u00a0\u00a0\u00a0\u00a0\u00a0\u00a0 \u00a0\u00a0\u00a0\u00a0\u00a0\u00a0\u00a0\u00a0\u00a0\u00a0\u00a0 Tema: Marketing Pessoal Prof. Marcos Brito \u00a0\u00a0\u00a0\u00a0\u00a0\u00a0\u00a0\u00a0\u00a0\u00a0\u00a0 Tema: Comunica\u00e7\u00e3o Dia 11, de volta ao Realeza Country Club, aconteceu a\u00a0\u00a0\u00a0\u00a0\u00a0 Palestra \u201cSistema Tribut\u00e1rio\u201d com Jo\u00e3o Gel\u00e1sio Weber \u2013 Vice-Presidente da C\u00e2mara de Fiscaliza\u00e7\u00e3o, \u00c9tica e Disciplina do CRC-PR. &nbsp; O encerramento da Semana Acad\u00eamica foi marcado por um coquetel servido a todos os presentes, com a apresenta\u00e7\u00e3o art\u00edstica da banda do 4\u00ba ano de Administra\u00e7\u00e3o. \u00a0 Para o diretor do CESREAL, Professor Denis de Oliveira Junior, a Semana Acad\u00eamica deste ano, foi preparada com muito carinho pela dire\u00e7\u00e3o, coordena\u00e7\u00e3o e corpo docente da Institui\u00e7\u00e3o, buscando oferecer palestras e treinamentos focados nos conte\u00fados trabalhados, de modo enriquecer o conhecimento e a forma\u00e7\u00e3o de nossos acad\u00eamicos. 1\u00aa Palestra da Semana Acad\u00eamica com Dalton Celeste Raz\u00eara &#8211; Consultor da FAEP. Sheila Baccin \u2013 Coordenadora do Curso de Administra\u00e7\u00e3o, Evandro de Nez &#8211; Coordenador do Curso de Ci\u00eancias Cont\u00e1beis,\u00a0 Jo\u00e3o Gel\u00e1sio Weber \u2013 Vice-Presidente da C\u00e2mara de Fiscaliza\u00e7\u00e3o, \u00c9tica e Disciplina do CRC-PR e Denis de Oliveira Jr. \u2013 Diretor do CESREAL &nbsp; Coordenador do Curso de Ci\u00eancias Cont\u00e1beis Professor Evandro De Nez, Ex-alunos e o Diretor Denis de Oliveira Jr. &nbsp; &nbsp;<\/p>\n","protected":false},"author":1,"featured_media":0,"comment_status":"closed","ping_status":"closed","sticky":false,"template":"","format":"standard","meta":{"footnotes":""},"categories":[1],"tags":[],"class_list":["post-1559","post","type-post","status-publish","format-standard","hentry","category-uncategorized"],"_links":{"self":[{"href":"http:\/\/reges.com.br\/realeza\/wp-json\/wp\/v2\/posts\/1559","targetHints":{"allow":["GET"]}}],"collection":[{"href":"http:\/\/reges.com.br\/realeza\/wp-json\/wp\/v2\/posts"}],"about":[{"href":"http:\/\/reges.com.br\/realeza\/wp-json\/wp\/v2\/types\/post"}],"author":[{"embeddable":true,"href":"http:\/\/reges.com.br\/realeza\/wp-json\/wp\/v2\/users\/1"}],"replies":[{"embeddable":true,"href":"http:\/\/reges.com.br\/realeza\/wp-json\/wp\/v2\/comments?post=1559"}],"version-history":[{"count":2,"href":"http:\/\/reges.com.br\/realeza\/wp-json\/wp\/v2\/posts\/1559\/revisions"}],"predecessor-version":[{"id":1565,"href":"http:\/\/reges.com.br\/realeza\/wp-json\/wp\/v2\/posts\/1559\/revisions\/1565"}],"wp:attachment":[{"href":"http:\/\/reges.com.br\/realeza\/wp-json\/wp\/v2\/media?parent=1559"}],"wp:term":[{"taxonomy":"category","embeddable":true,"href":"http:\/\/reges.com.br\/realeza\/wp-json\/wp\/v2\/categories?post=1559"},{"taxonomy":"post_tag","embeddable":true,"href":"http:\/\/reges.com.br\/realeza\/wp-json\/wp\/v2\/tags?post=1559"}],"curies":[{"name":"wp","href":"https:\/\/api.w.org\/{rel}","templated":true}]}}