{"id":1549,"date":"2015-08-28T17:17:58","date_gmt":"2015-08-28T20:17:58","guid":{"rendered":"http:\/\/reges.com.br\/realeza\/?p=1549"},"modified":"2015-08-28T17:18:52","modified_gmt":"2015-08-28T20:18:52","slug":"veja-a-programacao-da-semana-academica-2015-do-cesreal","status":"publish","type":"post","link":"http:\/\/reges.com.br\/realeza\/veja-a-programacao-da-semana-academica-2015-do-cesreal\/","title":{"rendered":"Veja a programa\u00e7\u00e3o da Semana Acad\u00eamica 2015 do CESREAL"},"content":{"rendered":"<p><strong>\u00a0<img loading=\"lazy\" decoding=\"async\" class=\"alignleft size-medium wp-image-1438\" src=\"http:\/\/reges.com.br\/realeza\/wp-content\/uploads\/2015\/05\/foto-faculdade-300x225.jpg\" alt=\"foto faculdade\" width=\"300\" height=\"225\" srcset=\"http:\/\/reges.com.br\/realeza\/wp-content\/uploads\/2015\/05\/foto-faculdade-300x225.jpg 300w, http:\/\/reges.com.br\/realeza\/wp-content\/uploads\/2015\/05\/foto-faculdade.jpg 900w\" sizes=\"auto, (max-width: 300px) 100vw, 300px\" \/><\/strong><\/p>\n<p><strong>SEMANA ACAD\u00caMICA \u2013 CESREAL 2015<\/strong><\/p>\n<p>Administra\u00e7\u00e3o \u2013 Ci\u00eancias Cont\u00e1beis<\/p>\n<p>08 a 11 de Setembro<\/p>\n<p>&nbsp;<\/p>\n<p>&nbsp;<\/p>\n<p>&nbsp;<\/p>\n<p>&nbsp;<\/p>\n<p><strong>PROGRAMA\u00c7\u00c3O<\/strong><\/p>\n<p><strong>\u00a0<\/strong><\/p>\n<p><strong>Dia 08 (Realeza Country Club)<\/strong><\/p>\n<p>19:15 \u00a0 Abertura<\/p>\n<p>19:30 \u00a0 Palestra \u2013 \u201cGest\u00e3o do Agroneg\u00f3cio\u201d<\/p>\n<p>Dalton Celeste Raz\u00eara \u2013 Consultor da FAEP<\/p>\n<p>&nbsp;<\/p>\n<p><strong>Dia 09 (Realeza Country Club)<\/strong><\/p>\n<p>19:15 \u00a0 Mesa Redonda com egressos de destaque da regi\u00e3o<\/p>\n<p>&nbsp;<\/p>\n<p><strong>Dia 10 (Cesreal)<\/strong><\/p>\n<p>Mini-Cursos\u00a0 \u00a0 1\u00aa sess\u00e3o: 19:15 \u00e0s 19:45<\/p>\n<p>2\u00aa Sess\u00e3o: 20:10 \u00e0s 20:40<\/p>\n<p>Sala 1: Prof. Ms. Evandro De Nez \u00a0\u00a0\u00a0\u00a0\u00a0\u00a0\u00a0\u00a0\u00a0\u00a0\u00a0 Tema: Holding Familiar<\/p>\n<p>Sala 5: Profa. \u00a0Ms. Sheila Baccin \u00a0 \u00a0\u00a0\u00a0\u00a0\u00a0\u00a0\u00a0\u00a0\u00a0\u00a0\u00a0 Tema: Cultura Organizacional<\/p>\n<p>Sala 7: Prof. Vin\u00edcius de Assis \u00a0\u00a0\u00a0\u00a0\u00a0\u00a0 \u00a0\u00a0\u00a0\u00a0\u00a0\u00a0\u00a0\u00a0\u00a0\u00a0\u00a0 Tema: Estabelecimento Empresarial<\/p>\n<p>Sala 8: Profa. Pollyanna Gracy\u00a0\u00a0\u00a0\u00a0\u00a0 \u00a0\u00a0\u00a0\u00a0\u00a0\u00a0\u00a0\u00a0\u00a0\u00a0\u00a0 Tema: M\u00e9todos de Custeio<\/p>\n<p>Sala 9: Prof. Lazaro da Rosa \u00a0\u00a0\u00a0\u00a0\u00a0\u00a0\u00a0\u00a0 \u00a0\u00a0\u00a0\u00a0\u00a0\u00a0\u00a0\u00a0\u00a0\u00a0\u00a0 Tema: Marketing Pessoal<\/p>\n<p>Sala 10: Prof. Marcos Brito \u00a0\u00a0\u00a0\u00a0\u00a0\u00a0\u00a0\u00a0\u00a0\u00a0 \u00a0\u00a0\u00a0\u00a0\u00a0\u00a0\u00a0\u00a0\u00a0\u00a0\u00a0 Tema: Comunica\u00e7\u00e3o<\/p>\n<p>&nbsp;<\/p>\n<p><strong>Dia 11 (Realeza Country Club)<\/strong><\/p>\n<p>19:15 \u00a0 Palestra \u2013 \u201cSistema Tribut\u00e1rio\u201d<\/p>\n<p>Jo\u00e3o Gel\u00e1sio Weber \u2013 Vice-Presidente da C\u00e2mara de Fiscaliza\u00e7\u00e3o, \u00c9tica e Disciplina do CRC-PR<\/p>\n<p>20:30\u00a0\u00a0 Encerramento \u2013 Apresenta\u00e7\u00e3o Art\u00edstica &#8211; Coquetel<\/p>\n<p><strong>\u00a0<\/strong><\/p>\n<p><strong>\u00a0<\/strong><\/p>\n<p><strong>\u00a0<\/strong><\/p>\n<p><strong>INSCRI\u00c7\u00d5ES NA SECRETARIA AT\u00c9 DIA 08\/09<\/strong><\/p>\n<p><strong>INVESTIMENTO:<\/strong><\/p>\n<p><strong>ALUNOS: R$ 10,00<\/strong><\/p>\n<p><strong>DEMAIS INTERESSADOS: R$ 30,00<\/strong><\/p>\n<p><strong>HORAS ATIVIDADES: 40 HORAS<\/strong><\/p>\n","protected":false},"excerpt":{"rendered":"<p>\u00a0 SEMANA ACAD\u00caMICA \u2013 CESREAL 2015 Administra\u00e7\u00e3o \u2013 Ci\u00eancias Cont\u00e1beis 08 a 11 de Setembro &nbsp; &nbsp; &nbsp; &nbsp; PROGRAMA\u00c7\u00c3O \u00a0 Dia 08 (Realeza Country Club) 19:15 \u00a0 Abertura 19:30 \u00a0 Palestra \u2013 \u201cGest\u00e3o do Agroneg\u00f3cio\u201d Dalton Celeste Raz\u00eara \u2013 Consultor da FAEP &nbsp; Dia 09 (Realeza Country Club) 19:15 \u00a0 Mesa Redonda com egressos de destaque da regi\u00e3o &nbsp; Dia 10 (Cesreal) Mini-Cursos\u00a0 \u00a0 1\u00aa sess\u00e3o: 19:15 \u00e0s 19:45 2\u00aa Sess\u00e3o: 20:10 \u00e0s 20:40 Sala 1: Prof. Ms. Evandro De Nez \u00a0\u00a0\u00a0\u00a0\u00a0\u00a0\u00a0\u00a0\u00a0\u00a0\u00a0 Tema: Holding Familiar Sala 5: Profa. \u00a0Ms. Sheila Baccin \u00a0 \u00a0\u00a0\u00a0\u00a0\u00a0\u00a0\u00a0\u00a0\u00a0\u00a0\u00a0 Tema: Cultura Organizacional Sala 7: Prof. Vin\u00edcius de Assis \u00a0\u00a0\u00a0\u00a0\u00a0\u00a0 \u00a0\u00a0\u00a0\u00a0\u00a0\u00a0\u00a0\u00a0\u00a0\u00a0\u00a0 Tema: Estabelecimento Empresarial Sala 8: Profa. Pollyanna Gracy\u00a0\u00a0\u00a0\u00a0\u00a0 \u00a0\u00a0\u00a0\u00a0\u00a0\u00a0\u00a0\u00a0\u00a0\u00a0\u00a0 Tema: M\u00e9todos de Custeio Sala 9: Prof. Lazaro da Rosa \u00a0\u00a0\u00a0\u00a0\u00a0\u00a0\u00a0\u00a0 \u00a0\u00a0\u00a0\u00a0\u00a0\u00a0\u00a0\u00a0\u00a0\u00a0\u00a0 Tema: Marketing Pessoal Sala 10: Prof. Marcos Brito \u00a0\u00a0\u00a0\u00a0\u00a0\u00a0\u00a0\u00a0\u00a0\u00a0 \u00a0\u00a0\u00a0\u00a0\u00a0\u00a0\u00a0\u00a0\u00a0\u00a0\u00a0 Tema: Comunica\u00e7\u00e3o &nbsp; Dia 11 (Realeza Country Club) 19:15 \u00a0 Palestra \u2013 \u201cSistema Tribut\u00e1rio\u201d Jo\u00e3o Gel\u00e1sio Weber \u2013 Vice-Presidente da C\u00e2mara de Fiscaliza\u00e7\u00e3o, \u00c9tica e Disciplina do CRC-PR 20:30\u00a0\u00a0 Encerramento \u2013 Apresenta\u00e7\u00e3o Art\u00edstica &#8211; Coquetel \u00a0 \u00a0 \u00a0 INSCRI\u00c7\u00d5ES NA SECRETARIA AT\u00c9 DIA 08\/09 INVESTIMENTO: ALUNOS: R$ 10,00 DEMAIS INTERESSADOS: R$ 30,00 HORAS ATIVIDADES: 40 HORAS<\/p>\n","protected":false},"author":1,"featured_media":0,"comment_status":"closed","ping_status":"closed","sticky":false,"template":"","format":"standard","meta":{"footnotes":""},"categories":[1],"tags":[],"class_list":["post-1549","post","type-post","status-publish","format-standard","hentry","category-uncategorized"],"_links":{"self":[{"href":"http:\/\/reges.com.br\/realeza\/wp-json\/wp\/v2\/posts\/1549","targetHints":{"allow":["GET"]}}],"collection":[{"href":"http:\/\/reges.com.br\/realeza\/wp-json\/wp\/v2\/posts"}],"about":[{"href":"http:\/\/reges.com.br\/realeza\/wp-json\/wp\/v2\/types\/post"}],"author":[{"embeddable":true,"href":"http:\/\/reges.com.br\/realeza\/wp-json\/wp\/v2\/users\/1"}],"replies":[{"embeddable":true,"href":"http:\/\/reges.com.br\/realeza\/wp-json\/wp\/v2\/comments?post=1549"}],"version-history":[{"count":1,"href":"http:\/\/reges.com.br\/realeza\/wp-json\/wp\/v2\/posts\/1549\/revisions"}],"predecessor-version":[{"id":1551,"href":"http:\/\/reges.com.br\/realeza\/wp-json\/wp\/v2\/posts\/1549\/revisions\/1551"}],"wp:attachment":[{"href":"http:\/\/reges.com.br\/realeza\/wp-json\/wp\/v2\/media?parent=1549"}],"wp:term":[{"taxonomy":"category","embeddable":true,"href":"http:\/\/reges.com.br\/realeza\/wp-json\/wp\/v2\/categories?post=1549"},{"taxonomy":"post_tag","embeddable":true,"href":"http:\/\/reges.com.br\/realeza\/wp-json\/wp\/v2\/tags?post=1549"}],"curies":[{"name":"wp","href":"https:\/\/api.w.org\/{rel}","templated":true}]}}